{"id":75676,"date":"2024-04-05T11:22:21","date_gmt":"2024-04-05T14:22:21","guid":{"rendered":"https:\/\/www.todoeldia.com\/?p=75676"},"modified":"2024-04-05T11:22:22","modified_gmt":"2024-04-05T14:22:22","slug":"un-nene-de-8-anos-de-subio-al-techo-de-su-casa-para-evitar-ser-golpeado-por-su-padre","status":"publish","type":"post","link":"https:\/\/www.todoeldia.com\/index.php\/2024\/04\/05\/un-nene-de-8-anos-de-subio-al-techo-de-su-casa-para-evitar-ser-golpeado-por-su-padre\/","title":{"rendered":"Un nene de 8 a\u00f1os de subi\u00f3 al techo de su casa para evitar ser golpeado por su padre"},"content":{"rendered":"\n<p>Un sujeto de 55 a\u00f1os fue condenado en juicio abreviado a seis meses de prisi\u00f3n condicional por resultar autor material y penalmente responsable de los delitos de lesiones leves agravadas por el v\u00ednculo y desobediencia judicial, en concurso real.<\/p>\n\n\n\n<p>El acusado fue condenado por agredir f\u00edsicamente a su hijo. El menor (8) fue visto por una vecina cuando se encontraba en el techo de su casa. Advirtiendo el riesgo que corr\u00eda el ni\u00f1o, la mujer llam\u00f3 al Sistema de Emergencias 911. Cuando lleg\u00f3 el personal policial, el menor baj\u00f3 y cont\u00f3 que hab\u00eda subido ah\u00ed para resguardarse de su padre, que lo somet\u00eda a violencia f\u00edsica, psicol\u00f3gica y verbal. Dijo que \u00e9l y su hermano (11) sufr\u00edan este tipo de maltrato desde hac\u00eda tiempo.<\/p>\n\n\n\n<p>El sujeto ya hab\u00eda sido notificado por un Juzgado de Violencia Familiar y de G\u00e9nero acerca de la prohibici\u00f3n de ejercer actos de violencia en contra de su hijo menor.<\/p>\n\n\n\n<p>Durante el juicio abreviado, el acusado reconoci\u00f3 los hechos denunciados y acept\u00f3 la pena acordada.<\/p>\n\n\n\n<p>La asesora de Incapaces puso en conocimiento al tribunal y a las partes acerca de la existencia de una sentencia firme y consentida que declar\u00f3 a los ni\u00f1os en estado de adoptabilidad.&nbsp;&nbsp;&nbsp;&nbsp;<\/p>\n\n\n\n<p>La jueza M\u00f3nica Faber, vocal de la Sala V del Tribunal de Juicio, le impuso una serie de obligaciones que deber\u00e1 cumplir durante dos a\u00f1os para mantener la pena de prisi\u00f3n en suspenso. Entre ellas, no cometer nuevo delito; prohibici\u00f3n de ejercer actos de violencia f\u00edsica o ps\u00edquica en perjuicio de los menores damnificados; abstenerse de usar estupefacientes y de abusar de bebidas alcoh\u00f3licas; continuar con el tratamiento psicol\u00f3gico que viene realizando hasta el alta correspondiente; realizar tratamiento para el control de sus adicciones previo diagn\u00f3stico de un profesional acerca de su necesidad y eficacia.<\/p>\n","protected":false},"excerpt":{"rendered":"<p>Un sujeto de 55 a\u00f1os fue condenado en juicio abreviado a seis meses de prisi\u00f3n condicional por resultar autor material y penalmente responsable de los delitos de lesiones leves agravadas por el v\u00ednculo y desobediencia judicial, en concurso real. El acusado fue condenado por agredir f\u00edsicamente a su hijo. El menor (8) fue visto por [&hellip;]<\/p>\n","protected":false},"author":2,"featured_media":75677,"comment_status":"open","ping_status":"open","sticky":false,"template":"","format":"standard","meta":{"tdm_status":"","tdm_grid_status":"","_joinchat":[],"footnotes":""},"categories":[63],"tags":[],"class_list":{"0":"post-75676","1":"post","2":"type-post","3":"status-publish","4":"format-standard","5":"has-post-thumbnail","7":"category-policiales"},"amp_enabled":true,"_links":{"self":[{"href":"https:\/\/www.todoeldia.com\/index.php\/wp-json\/wp\/v2\/posts\/75676","targetHints":{"allow":["GET"]}}],"collection":[{"href":"https:\/\/www.todoeldia.com\/index.php\/wp-json\/wp\/v2\/posts"}],"about":[{"href":"https:\/\/www.todoeldia.com\/index.php\/wp-json\/wp\/v2\/types\/post"}],"author":[{"embeddable":true,"href":"https:\/\/www.todoeldia.com\/index.php\/wp-json\/wp\/v2\/users\/2"}],"replies":[{"embeddable":true,"href":"https:\/\/www.todoeldia.com\/index.php\/wp-json\/wp\/v2\/comments?post=75676"}],"version-history":[{"count":1,"href":"https:\/\/www.todoeldia.com\/index.php\/wp-json\/wp\/v2\/posts\/75676\/revisions"}],"predecessor-version":[{"id":75678,"href":"https:\/\/www.todoeldia.com\/index.php\/wp-json\/wp\/v2\/posts\/75676\/revisions\/75678"}],"wp:featuredmedia":[{"embeddable":true,"href":"https:\/\/www.todoeldia.com\/index.php\/wp-json\/wp\/v2\/media\/75677"}],"wp:attachment":[{"href":"https:\/\/www.todoeldia.com\/index.php\/wp-json\/wp\/v2\/media?parent=75676"}],"wp:term":[{"taxonomy":"category","embeddable":true,"href":"https:\/\/www.todoeldia.com\/index.php\/wp-json\/wp\/v2\/categories?post=75676"},{"taxonomy":"post_tag","embeddable":true,"href":"https:\/\/www.todoeldia.com\/index.php\/wp-json\/wp\/v2\/tags?post=75676"}],"curies":[{"name":"wp","href":"https:\/\/api.w.org\/{rel}","templated":true}]}}