{"id":75681,"date":"2024-04-05T12:39:37","date_gmt":"2024-04-05T15:39:37","guid":{"rendered":"https:\/\/www.todoeldia.com\/?p=75681"},"modified":"2024-04-05T12:39:38","modified_gmt":"2024-04-05T15:39:38","slug":"secuestran-en-oran-una-camioneta-honda-robada-en-buenos-aires","status":"publish","type":"post","link":"https:\/\/www.todoeldia.com\/index.php\/2024\/04\/05\/secuestran-en-oran-una-camioneta-honda-robada-en-buenos-aires\/","title":{"rendered":"Secuestran en Or\u00e1n una camioneta Honda robada en Buenos Aires"},"content":{"rendered":"\n<p>En las primeras horas de la madrugada, tras realizar controles preventivos en Ruta Provincial N\u00b0 50, altura kil\u00f3metro 11, personal de la Secci\u00f3n Seguridad Vial detuvo la marcha de un veh\u00edculo cuyo conductor denotaba estado de nerviosismo, llamando esto la atenci\u00f3n de los uniformados. En consecuencia, procedieron a consultar el estado del dominio con colaboraci\u00f3n de la Brigada de Investigaciones N\u00b0 2.<\/p>\n\n\n\n<figure class=\"wp-block-image size-full is-resized\"><img loading=\"lazy\" decoding=\"async\" width=\"768\" height=\"418\" src=\"https:\/\/www.todoeldia.com\/wp-content\/uploads\/2024\/04\/image-36.png\" alt=\"\" class=\"wp-image-75683\" style=\"width:1035px;height:auto\" srcset=\"https:\/\/www.todoeldia.com\/wp-content\/uploads\/2024\/04\/image-36.png 768w, https:\/\/www.todoeldia.com\/wp-content\/uploads\/2024\/04\/image-36-300x163.png 300w, https:\/\/www.todoeldia.com\/wp-content\/uploads\/2024\/04\/image-36-696x379.png 696w\" sizes=\"auto, (max-width: 768px) 100vw, 768px\" \/><\/figure>\n\n\n\n<p>Como resultado de la consulta constat\u00f3 que el n\u00famero de motor y chasis no pertenec\u00edan al dominio que portaba el rodado. Conforme a la informaci\u00f3n obtenida, presentaba pedido de secuestro por un robo ocurrido en la provincia de Buenos Aires en el a\u00f1o 2023.<\/p>\n\n\n\n<p>Finalmente, se procedi\u00f3 al secuestro del autom\u00f3vil y a la demora de un hombre de 47 a\u00f1os, quien qued\u00f3 a disposici\u00f3n de la Justicia.<\/p>\n","protected":false},"excerpt":{"rendered":"<p>En las primeras horas de la madrugada, tras realizar controles preventivos en Ruta Provincial N\u00b0 50, altura kil\u00f3metro 11, personal de la Secci\u00f3n Seguridad Vial detuvo la marcha de un veh\u00edculo cuyo conductor denotaba estado de nerviosismo, llamando esto la atenci\u00f3n de los uniformados. En consecuencia, procedieron a consultar el estado del dominio con colaboraci\u00f3n [&hellip;]<\/p>\n","protected":false},"author":2,"featured_media":75682,"comment_status":"open","ping_status":"open","sticky":false,"template":"","format":"standard","meta":{"tdm_status":"","tdm_grid_status":"","_joinchat":[],"footnotes":""},"categories":[63],"tags":[],"class_list":{"0":"post-75681","1":"post","2":"type-post","3":"status-publish","4":"format-standard","5":"has-post-thumbnail","7":"category-policiales"},"amp_enabled":true,"_links":{"self":[{"href":"https:\/\/www.todoeldia.com\/index.php\/wp-json\/wp\/v2\/posts\/75681","targetHints":{"allow":["GET"]}}],"collection":[{"href":"https:\/\/www.todoeldia.com\/index.php\/wp-json\/wp\/v2\/posts"}],"about":[{"href":"https:\/\/www.todoeldia.com\/index.php\/wp-json\/wp\/v2\/types\/post"}],"author":[{"embeddable":true,"href":"https:\/\/www.todoeldia.com\/index.php\/wp-json\/wp\/v2\/users\/2"}],"replies":[{"embeddable":true,"href":"https:\/\/www.todoeldia.com\/index.php\/wp-json\/wp\/v2\/comments?post=75681"}],"version-history":[{"count":1,"href":"https:\/\/www.todoeldia.com\/index.php\/wp-json\/wp\/v2\/posts\/75681\/revisions"}],"predecessor-version":[{"id":75684,"href":"https:\/\/www.todoeldia.com\/index.php\/wp-json\/wp\/v2\/posts\/75681\/revisions\/75684"}],"wp:featuredmedia":[{"embeddable":true,"href":"https:\/\/www.todoeldia.com\/index.php\/wp-json\/wp\/v2\/media\/75682"}],"wp:attachment":[{"href":"https:\/\/www.todoeldia.com\/index.php\/wp-json\/wp\/v2\/media?parent=75681"}],"wp:term":[{"taxonomy":"category","embeddable":true,"href":"https:\/\/www.todoeldia.com\/index.php\/wp-json\/wp\/v2\/categories?post=75681"},{"taxonomy":"post_tag","embeddable":true,"href":"https:\/\/www.todoeldia.com\/index.php\/wp-json\/wp\/v2\/tags?post=75681"}],"curies":[{"name":"wp","href":"https:\/\/api.w.org\/{rel}","templated":true}]}}