{"id":75687,"date":"2024-04-05T13:10:03","date_gmt":"2024-04-05T16:10:03","guid":{"rendered":"https:\/\/www.todoeldia.com\/?p=75687"},"modified":"2024-04-05T13:10:04","modified_gmt":"2024-04-05T16:10:04","slug":"si-esto-hubiera-sido-en-otro-lado-ya-estaba-el-gobernador-en-helicoptero-dijo-el-jefe-de-gabinete-municipal-de-metan","status":"publish","type":"post","link":"https:\/\/www.todoeldia.com\/index.php\/2024\/04\/05\/si-esto-hubiera-sido-en-otro-lado-ya-estaba-el-gobernador-en-helicoptero-dijo-el-jefe-de-gabinete-municipal-de-metan\/","title":{"rendered":"&#8220;Si esto hubiera sido en otro lado ya estaba el gobernador en helic\u00f3ptero&#8221;, dijo el jefe de gabinete municipal de Metan"},"content":{"rendered":"\n<p>Mauricio Abreg\u00fa, jefe de gabinete de la Municipalidad de Met\u00e1n, cuestion\u00f3 duramente la ausencia del gobernador y su gabinete en Met\u00e1n ante el brote de dengue. Cuestion\u00f3 que se preste m\u00e1s atenci\u00f3n al norte que a nuestra ciudad.<\/p>\n\n\n\n<p>Mauricio Abreg\u00fa, jefe de gabinete de la Municipalidad de Met\u00e1n, cuestion\u00f3 duramente la ausencia del gobernador Gustavo Saenz y su gabinete ante la emergencia por dengue que se vive en nuestra ciudad.<\/p>\n\n\n\n<p>&#8220;Yo creo que si esto hubiese ocurrido en alg\u00fan otro departamento, en alguna zona del norte, el gabinete de la provincia, el gobernador con helic\u00f3ptero estar\u00eda tratando el tema en el lugar. En lo personal le digo que siento un poco la ausencia de muchos actores&#8221;, dijo el funcionario en di\u00e1logo con el noticiero del canal local. La respuesta fue ante la consulta de la posibilidad de conformar el COE (Comando de Operaciones de Emergencias) para avanzar en la coordinaci\u00f3n de las acciones.<\/p>\n\n\n\n<p>&#8220;Estamos evaluando esa posibilidad. Lo que pasa es que siempre que se trata de una crisis sanitaria, la voz m\u00e1s importante la dan los sanitaristas, y puntualmente la gente del hospital. Ellos, a su vez, con las recomendaciones que le hace la provincia. Yo creo que todos los actores, tanto sociales como pol\u00edticos, tienen que estar involucrados. He notado tristemente la ausencia de personas importantes en la comunidad con cargos electivos que no est\u00e1n trabajando mancomunadamente con todos. As\u00ed que yo pedir\u00eda el compromiso de todos, porque hay personas fallecidas&#8221;, sostuvo Abreg\u00fa.<\/p>\n\n\n\n<p>El funcionario tambi\u00e9n cuestion\u00f3 la ausencia de los legisladores por el departamento. &#8220;Un desagrado que los diputados todav\u00eda no se pronunciaron, no salieron a apoyar a nuestra ciudad. Diputados que est\u00e1n representando a Met\u00e1n, hablo del caso Dantur, hablo del caso Jaime, del caso Otero. Todav\u00eda no veo que hayan presentado algo o que se acerquen a la comunidad. En las inundaciones tampoco, solamente estuvo el Ejecutivo. No quiero hablar de los que no est\u00e1n. Ellos saben bien lo que tienen que hacer para lo que fueran elegidos. Capaz que ellos desde su faz legislativa est\u00e1n haciendo alg\u00fan tipo de gestiones. En la acci\u00f3n, en el terreno no lo he visto, quiz\u00e1s est\u00e1n trabajando desde otro \u00e1mbito&#8221;.<\/p>\n","protected":false},"excerpt":{"rendered":"<p>Mauricio Abreg\u00fa, jefe de gabinete de la Municipalidad de Met\u00e1n, cuestion\u00f3 duramente la ausencia del gobernador y su gabinete en Met\u00e1n ante el brote de dengue. Cuestion\u00f3 que se preste m\u00e1s atenci\u00f3n al norte que a nuestra ciudad. Mauricio Abreg\u00fa, jefe de gabinete de la Municipalidad de Met\u00e1n, cuestion\u00f3 duramente la ausencia del gobernador Gustavo [&hellip;]<\/p>\n","protected":false},"author":2,"featured_media":75688,"comment_status":"open","ping_status":"open","sticky":false,"template":"","format":"standard","meta":{"tdm_status":"","tdm_grid_status":"","_joinchat":[],"footnotes":""},"categories":[59],"tags":[],"class_list":{"0":"post-75687","1":"post","2":"type-post","3":"status-publish","4":"format-standard","5":"has-post-thumbnail","7":"category-politica"},"amp_enabled":true,"_links":{"self":[{"href":"https:\/\/www.todoeldia.com\/index.php\/wp-json\/wp\/v2\/posts\/75687","targetHints":{"allow":["GET"]}}],"collection":[{"href":"https:\/\/www.todoeldia.com\/index.php\/wp-json\/wp\/v2\/posts"}],"about":[{"href":"https:\/\/www.todoeldia.com\/index.php\/wp-json\/wp\/v2\/types\/post"}],"author":[{"embeddable":true,"href":"https:\/\/www.todoeldia.com\/index.php\/wp-json\/wp\/v2\/users\/2"}],"replies":[{"embeddable":true,"href":"https:\/\/www.todoeldia.com\/index.php\/wp-json\/wp\/v2\/comments?post=75687"}],"version-history":[{"count":1,"href":"https:\/\/www.todoeldia.com\/index.php\/wp-json\/wp\/v2\/posts\/75687\/revisions"}],"predecessor-version":[{"id":75689,"href":"https:\/\/www.todoeldia.com\/index.php\/wp-json\/wp\/v2\/posts\/75687\/revisions\/75689"}],"wp:featuredmedia":[{"embeddable":true,"href":"https:\/\/www.todoeldia.com\/index.php\/wp-json\/wp\/v2\/media\/75688"}],"wp:attachment":[{"href":"https:\/\/www.todoeldia.com\/index.php\/wp-json\/wp\/v2\/media?parent=75687"}],"wp:term":[{"taxonomy":"category","embeddable":true,"href":"https:\/\/www.todoeldia.com\/index.php\/wp-json\/wp\/v2\/categories?post=75687"},{"taxonomy":"post_tag","embeddable":true,"href":"https:\/\/www.todoeldia.com\/index.php\/wp-json\/wp\/v2\/tags?post=75687"}],"curies":[{"name":"wp","href":"https:\/\/api.w.org\/{rel}","templated":true}]}}