{"id":75692,"date":"2024-04-05T14:47:05","date_gmt":"2024-04-05T17:47:05","guid":{"rendered":"https:\/\/www.todoeldia.com\/?p=75692"},"modified":"2024-04-05T14:47:06","modified_gmt":"2024-04-05T17:47:06","slug":"juicio-para-el-asesino-de-su-pareja-en-los-blancos-la-mato-de-varias-punaladas-y-la-dejo-tendida-en-la-calle","status":"publish","type":"post","link":"https:\/\/www.todoeldia.com\/index.php\/2024\/04\/05\/juicio-para-el-asesino-de-su-pareja-en-los-blancos-la-mato-de-varias-punaladas-y-la-dejo-tendida-en-la-calle\/","title":{"rendered":"Juicio para el asesino de su pareja en Los Blancos: la mato de varias pu\u00f1aladas y la dejo tendida en la calle"},"content":{"rendered":"\n<p>El hecho ocurri\u00f3 en mayo de 2023, cuando el acusado le quit\u00f3 la vida a una mujer de 41 a\u00f1os. Manten\u00edan una relaci\u00f3n de pareja y ten\u00edan hijos en com\u00fan.<\/p>\n\n\n\n<p>El fiscal penal de la Unidad de Graves Atentados contra las Personas de Tartagal, Gonzalo Vega, representar\u00e1 al Ministerio P\u00fablico Fiscal ante la Sala I del Tribunal de Juicio de ese distrito, en la audiencia de debate contra Rolando Ezequiel Dom\u00ednguez como autor del delito de homicidio doblemente calificado por el v\u00ednculo y por violencia de g\u00e9nero.<\/p>\n\n\n\n<p>La audiencia de debate ser\u00e1 presidida por el juez Ricardo Martoccia y seg\u00fan lo previsto, se desarrollar\u00e1 los d\u00edas 8, 9 y 10 de abril.<\/p>\n\n\n\n<p>Seg\u00fan consta en las actuaciones, en mayo de 2023, la v\u00edctima hab\u00eda concurrido a las fiestas patronales de la localidad de Los Blancos. Cuando se dispon\u00eda a retirarse de los festejos, mantuvo una discusi\u00f3n con su pareja, quien intentaba retomar la relaci\u00f3n.<\/p>\n\n\n\n<p>El acusado, usando un arma blanca, la habr\u00eda provocado numerosas lesiones y huy\u00f3 del lugar, dej\u00e1ndola herida en la v\u00eda p\u00fablica, donde perdi\u00f3 la vida.<\/p>\n\n\n\n<p>Al momento de la detenci\u00f3n del acusado, se logr\u00f3 secuestrar un arma blanca, que ser\u00eda la empleada para lesionar a la mujer.<\/p>\n","protected":false},"excerpt":{"rendered":"<p>El hecho ocurri\u00f3 en mayo de 2023, cuando el acusado le quit\u00f3 la vida a una mujer de 41 a\u00f1os. Manten\u00edan una relaci\u00f3n de pareja y ten\u00edan hijos en com\u00fan. El fiscal penal de la Unidad de Graves Atentados contra las Personas de Tartagal, Gonzalo Vega, representar\u00e1 al Ministerio P\u00fablico Fiscal ante la Sala I [&hellip;]<\/p>\n","protected":false},"author":2,"featured_media":26013,"comment_status":"open","ping_status":"open","sticky":false,"template":"","format":"standard","meta":{"tdm_status":"","tdm_grid_status":"","_joinchat":[],"footnotes":""},"categories":[63],"tags":[],"class_list":{"0":"post-75692","1":"post","2":"type-post","3":"status-publish","4":"format-standard","5":"has-post-thumbnail","7":"category-policiales"},"amp_enabled":true,"_links":{"self":[{"href":"https:\/\/www.todoeldia.com\/index.php\/wp-json\/wp\/v2\/posts\/75692","targetHints":{"allow":["GET"]}}],"collection":[{"href":"https:\/\/www.todoeldia.com\/index.php\/wp-json\/wp\/v2\/posts"}],"about":[{"href":"https:\/\/www.todoeldia.com\/index.php\/wp-json\/wp\/v2\/types\/post"}],"author":[{"embeddable":true,"href":"https:\/\/www.todoeldia.com\/index.php\/wp-json\/wp\/v2\/users\/2"}],"replies":[{"embeddable":true,"href":"https:\/\/www.todoeldia.com\/index.php\/wp-json\/wp\/v2\/comments?post=75692"}],"version-history":[{"count":1,"href":"https:\/\/www.todoeldia.com\/index.php\/wp-json\/wp\/v2\/posts\/75692\/revisions"}],"predecessor-version":[{"id":75693,"href":"https:\/\/www.todoeldia.com\/index.php\/wp-json\/wp\/v2\/posts\/75692\/revisions\/75693"}],"wp:featuredmedia":[{"embeddable":true,"href":"https:\/\/www.todoeldia.com\/index.php\/wp-json\/wp\/v2\/media\/26013"}],"wp:attachment":[{"href":"https:\/\/www.todoeldia.com\/index.php\/wp-json\/wp\/v2\/media?parent=75692"}],"wp:term":[{"taxonomy":"category","embeddable":true,"href":"https:\/\/www.todoeldia.com\/index.php\/wp-json\/wp\/v2\/categories?post=75692"},{"taxonomy":"post_tag","embeddable":true,"href":"https:\/\/www.todoeldia.com\/index.php\/wp-json\/wp\/v2\/tags?post=75692"}],"curies":[{"name":"wp","href":"https:\/\/api.w.org\/{rel}","templated":true}]}}