{"id":75700,"date":"2024-04-05T18:55:58","date_gmt":"2024-04-05T21:55:58","guid":{"rendered":"https:\/\/www.todoeldia.com\/?p=75700"},"modified":"2024-04-05T18:59:27","modified_gmt":"2024-04-05T21:59:27","slug":"el-arzobispo-cargnello-debera-realizar-capacitacion-en-genero-por-el-conflicto-con-las-carmelitas-descalzas","status":"publish","type":"post","link":"https:\/\/www.todoeldia.com\/index.php\/2024\/04\/05\/el-arzobispo-cargnello-debera-realizar-capacitacion-en-genero-por-el-conflicto-con-las-carmelitas-descalzas\/","title":{"rendered":"Fallo judicial contra el arzobispo de Salta por violencia hacia Carmelitas Descalzas"},"content":{"rendered":"\n<p>La m\u00e1xima autoridad de la Iglesia en Salta, Mario Cargnello, deber\u00e1 capacitarse en materia de g\u00e9nero e ir al psic\u00f3logo por denuncias de violencia de g\u00e9nero.<\/p>\n\n\n\n<p>La jueza Carolina C\u00e1ceres Moreno decidi\u00f3 que el arzobispo Cargnello y otros l\u00edderes religiosos realicen capacitaci\u00f3n en g\u00e9nero y tratamiento psicol\u00f3gico, adem\u00e1s de mantener la prohibici\u00f3n de acercamiento.<\/p>\n\n\n\n<p>La jueza encontr\u00f3 pruebas de violencia de g\u00e9nero ejercida por Cargnello, el sacerdote Lucio Ajaya, el obispo em\u00e9rito Mart\u00edn de Elizalde y el vicario judicial Loyola Pinto y de Sancrist\u00f3val contra las monjas Carmelitas Descalzas del Convento San Bernardo durante m\u00e1s de 20 a\u00f1os, incluyendo violencia f\u00edsica, psicol\u00f3gica y econ\u00f3mica.<\/p>\n\n\n\n<p>La magistrada detall\u00f3 los hechos de violencia: &#8220;la obstrucci\u00f3n\/demora\/negativa en la elecci\u00f3n de la Priora y el pr\u00e9stamo de dinero al Obispo sin devoluci\u00f3n a la fecha, lo que configur\u00f3 violencia de g\u00e9nero del tipo psicol\u00f3gica y econ\u00f3mica&#8221;.<\/p>\n\n\n\n<p>Las medidas tomadas por la jueza son las mismas que fueron dictadas de manera preventiva cuando inici\u00f3 el conflicto entre el Arzobispado y el Convento San Bernardo a fines del a\u00f1o 2021.<\/p>\n\n\n\n<p>Se intim\u00f3 a Cargnello junto a los dem\u00e1s acusados a realizar tratamiento psicol\u00f3gico con perspectiva de g\u00e9nero &#8220;a fin de trabajar patrones vinculares y hechos de violencia&#8221;. Los implicados deber\u00e1n presentar ante el juzgado constancia del tratamiento de manera mensual durante el plazo de seis meses.<\/p>\n\n\n\n<p>Las denuncias de las monjas surgieron luego de que Cargnello solicitara una auditoria en el Convento para conocer el destino de los fondos y proh\u00edba el uso de las instalaciones para el alojamiento de delegaciones que llegan a la Virgen del Cerro, asumiendo que todo estaba a cargo de quien pregona recibir mensajes de la Virgen.<\/p>\n","protected":false},"excerpt":{"rendered":"<p>La m\u00e1xima autoridad de la Iglesia en Salta, Mario Cargnello, deber\u00e1 capacitarse en materia de g\u00e9nero e ir al psic\u00f3logo por denuncias de violencia de g\u00e9nero. La jueza Carolina C\u00e1ceres Moreno decidi\u00f3 que el arzobispo Cargnello y otros l\u00edderes religiosos realicen capacitaci\u00f3n en g\u00e9nero y tratamiento psicol\u00f3gico, adem\u00e1s de mantener la prohibici\u00f3n de acercamiento. La [&hellip;]<\/p>\n","protected":false},"author":2,"featured_media":38304,"comment_status":"open","ping_status":"open","sticky":false,"template":"","format":"standard","meta":{"tdm_status":"","tdm_grid_status":"","_joinchat":[],"footnotes":""},"categories":[73],"tags":[],"class_list":{"0":"post-75700","1":"post","2":"type-post","3":"status-publish","4":"format-standard","5":"has-post-thumbnail","7":"category-noticias-general"},"amp_enabled":true,"_links":{"self":[{"href":"https:\/\/www.todoeldia.com\/index.php\/wp-json\/wp\/v2\/posts\/75700","targetHints":{"allow":["GET"]}}],"collection":[{"href":"https:\/\/www.todoeldia.com\/index.php\/wp-json\/wp\/v2\/posts"}],"about":[{"href":"https:\/\/www.todoeldia.com\/index.php\/wp-json\/wp\/v2\/types\/post"}],"author":[{"embeddable":true,"href":"https:\/\/www.todoeldia.com\/index.php\/wp-json\/wp\/v2\/users\/2"}],"replies":[{"embeddable":true,"href":"https:\/\/www.todoeldia.com\/index.php\/wp-json\/wp\/v2\/comments?post=75700"}],"version-history":[{"count":2,"href":"https:\/\/www.todoeldia.com\/index.php\/wp-json\/wp\/v2\/posts\/75700\/revisions"}],"predecessor-version":[{"id":75703,"href":"https:\/\/www.todoeldia.com\/index.php\/wp-json\/wp\/v2\/posts\/75700\/revisions\/75703"}],"wp:featuredmedia":[{"embeddable":true,"href":"https:\/\/www.todoeldia.com\/index.php\/wp-json\/wp\/v2\/media\/38304"}],"wp:attachment":[{"href":"https:\/\/www.todoeldia.com\/index.php\/wp-json\/wp\/v2\/media?parent=75700"}],"wp:term":[{"taxonomy":"category","embeddable":true,"href":"https:\/\/www.todoeldia.com\/index.php\/wp-json\/wp\/v2\/categories?post=75700"},{"taxonomy":"post_tag","embeddable":true,"href":"https:\/\/www.todoeldia.com\/index.php\/wp-json\/wp\/v2\/tags?post=75700"}],"curies":[{"name":"wp","href":"https:\/\/api.w.org\/{rel}","templated":true}]}}