{"id":75711,"date":"2024-04-06T12:55:52","date_gmt":"2024-04-06T15:55:52","guid":{"rendered":"https:\/\/www.todoeldia.com\/?p=75711"},"modified":"2024-04-06T12:55:53","modified_gmt":"2024-04-06T15:55:53","slug":"un-comerciante-de-metan-debera-pagar-1-millon-de-luz","status":"publish","type":"post","link":"https:\/\/www.todoeldia.com\/index.php\/2024\/04\/06\/un-comerciante-de-metan-debera-pagar-1-millon-de-luz\/","title":{"rendered":"Un comerciante de Metan deber\u00e1 pagar $1 mill\u00f3n de luz"},"content":{"rendered":"\n<p>El tarifazo ya comenz\u00f3 a golpear a los vecinos de Met\u00e1n. Pablo Mart\u00ednez due\u00f1o de un restaurante manifest\u00f3 su preocupaci\u00f3n por los abultados montos en las boletas de energ\u00eda el\u00e9ctrica. Paso de pagar $250.000 a $1 mill\u00f3n.<\/p>\n\n\n\n<p>La suba en las tarifas de los servicios comenz\u00f3 a reflejarse en nuestra ciudad. Pablo Mart\u00ednez, reconocido comerciante, quien hace m\u00e1s de 20 a\u00f1o se dedica al rubro gastron\u00f3mico en Met\u00e1n, deber\u00e1 pagar un mill\u00f3n de pesos de luz.<\/p>\n\n\n\n<p>Mart\u00ednez hizo un an\u00e1lisis de la fuerte suba que sufri\u00f3 en los \u00faltimos meses y asegur\u00f3 que esta situaci\u00f3n pone en riesgo la permanencia de su comercio.<\/p>\n\n\n\n<p>&#8220;Pase de pagar $250.000 a $350.000 hasta $460.00, lo que me dio a pesar que esa era la suba de la que tanto hablaban. La sorpresa me la llevo en la ante \u00faltima boleta que ya era de $700.000 a lo que voy a hacer el reclam\u00f3, dado a que hoy por hoy no estoy en condiciones de pegarla y ah\u00ed me doy con la \u00faltima boleta que paso a ser de $1 mill\u00f3n&#8221; manifest\u00f3 el comerciante.<\/p>\n\n\n\n<p>&#8220;La situaci\u00f3n es insostenible, ten\u00eda la esperanza de que haya una mala lectura, pero desde la empresa me dijeron que estaba bien, que ese era el aumento y que haga el reclam\u00f3 correspondiente nada m\u00e1s. Todo se hace muy cuesta arriba, el precio tampoco se puede ver reflejado en nuestros productos porque ya con la crisis que hay sabemos que el poder adquisitivo de la gente es menor y hoy en d\u00eda nuestro rubro se puede llegar a tomar entre comillas como un lujo&#8221; dijo Mart\u00ednez.<\/p>\n\n\n\n<p>&#8220;Mi comercio sustenta a 20 familias y de seguir as\u00ed no me va a dar el presupuesto, no voy a tener plata para pagar la luz, no voy a tener para pagar el gas, por ende, me van a cortar los servicios y sin eso no voy a poder vender, y si no puedo vender voy a tener que cerrar, esto es un efecto domin\u00f3 que lamentablemente parecer\u00eda hoy por hoy que vamos a eso&#8221; a\u00f1adi\u00f3 angustiado.<\/p>\n\n\n\n<p>Asimismo, el empresario realiz\u00f3 una comparaci\u00f3n de lo que abonan los salte\u00f1os con otras provincias de energ\u00eda el\u00e9ctrica.<\/p>\n\n\n\n<p>&#8220;Me genera mucha impotencia el hecho de saber que provincias vecinas pagan menos, nosotros pagamos m\u00e1s del dobl\u00e9 a comparaci\u00f3n de ellos, que pasa con el Ente Regulador de Salta, no encuentro explicaci\u00f3n alguna,&#8221; coment\u00f3.&nbsp;<\/p>\n\n\n\n<p>&#8220;Los metanenses no nos podemos quedar de brazos cruzados, hay que manifestarnos y hacernos escuchar para que el gobierno entienda que no podemos seguir as\u00ed, si toda la ciudad se revela tal vez haya esperanzas de que se pueda conseguir algo&#8221; concluy\u00f3.<\/p>\n\n\n\n<p>El Vocero de Metan<\/p>\n","protected":false},"excerpt":{"rendered":"<p>El tarifazo ya comenz\u00f3 a golpear a los vecinos de Met\u00e1n. Pablo Mart\u00ednez due\u00f1o de un restaurante manifest\u00f3 su preocupaci\u00f3n por los abultados montos en las boletas de energ\u00eda el\u00e9ctrica. Paso de pagar $250.000 a $1 mill\u00f3n. La suba en las tarifas de los servicios comenz\u00f3 a reflejarse en nuestra ciudad. Pablo Mart\u00ednez, reconocido comerciante, [&hellip;]<\/p>\n","protected":false},"author":2,"featured_media":75712,"comment_status":"open","ping_status":"open","sticky":false,"template":"","format":"standard","meta":{"tdm_status":"","tdm_grid_status":"","_joinchat":[],"footnotes":""},"categories":[60],"tags":[],"class_list":{"0":"post-75711","1":"post","2":"type-post","3":"status-publish","4":"format-standard","5":"has-post-thumbnail","7":"category-economia"},"amp_enabled":true,"_links":{"self":[{"href":"https:\/\/www.todoeldia.com\/index.php\/wp-json\/wp\/v2\/posts\/75711","targetHints":{"allow":["GET"]}}],"collection":[{"href":"https:\/\/www.todoeldia.com\/index.php\/wp-json\/wp\/v2\/posts"}],"about":[{"href":"https:\/\/www.todoeldia.com\/index.php\/wp-json\/wp\/v2\/types\/post"}],"author":[{"embeddable":true,"href":"https:\/\/www.todoeldia.com\/index.php\/wp-json\/wp\/v2\/users\/2"}],"replies":[{"embeddable":true,"href":"https:\/\/www.todoeldia.com\/index.php\/wp-json\/wp\/v2\/comments?post=75711"}],"version-history":[{"count":1,"href":"https:\/\/www.todoeldia.com\/index.php\/wp-json\/wp\/v2\/posts\/75711\/revisions"}],"predecessor-version":[{"id":75713,"href":"https:\/\/www.todoeldia.com\/index.php\/wp-json\/wp\/v2\/posts\/75711\/revisions\/75713"}],"wp:featuredmedia":[{"embeddable":true,"href":"https:\/\/www.todoeldia.com\/index.php\/wp-json\/wp\/v2\/media\/75712"}],"wp:attachment":[{"href":"https:\/\/www.todoeldia.com\/index.php\/wp-json\/wp\/v2\/media?parent=75711"}],"wp:term":[{"taxonomy":"category","embeddable":true,"href":"https:\/\/www.todoeldia.com\/index.php\/wp-json\/wp\/v2\/categories?post=75711"},{"taxonomy":"post_tag","embeddable":true,"href":"https:\/\/www.todoeldia.com\/index.php\/wp-json\/wp\/v2\/tags?post=75711"}],"curies":[{"name":"wp","href":"https:\/\/api.w.org\/{rel}","templated":true}]}}