{"id":75717,"date":"2024-04-06T21:00:33","date_gmt":"2024-04-07T00:00:33","guid":{"rendered":"https:\/\/www.todoeldia.com\/?p=75717"},"modified":"2024-04-06T21:00:34","modified_gmt":"2024-04-07T00:00:34","slug":"juan-jose-campanella-formara-parte-de-la-nueva-temporada-de-la-ley-y-el-orden-uve","status":"publish","type":"post","link":"https:\/\/www.todoeldia.com\/index.php\/2024\/04\/06\/juan-jose-campanella-formara-parte-de-la-nueva-temporada-de-la-ley-y-el-orden-uve\/","title":{"rendered":"Juan Jos\u00e9 Campanella formar\u00e1 parte de la nueva temporada de La Ley y el Orden: UVE"},"content":{"rendered":"\n<p>El director y guionista argentino tendr\u00e1 un papel fundamental en un cap\u00edtulo por el 25 aniversario de la exitosa serie policial.<\/p>\n\n\n\n<p>a Ley y el Orden: UVE estren\u00f3 su temporada 25 el pasado 19 de marzo, convirti\u00e9ndose en la serie m\u00e1s longeva en la televisi\u00f3n por sus casos e investigaciones. Ante este momento bisagra, Universal TV decidi\u00f3 contar con Juan Jos\u00e9 Campanella para dirigir uno de sus cap\u00edtulos.<\/p>\n\n\n\n<p>La Ley y el Orden: UVE estren\u00f3 su temporada 25 el pasado 19 de marzo, convirti\u00e9ndose en la serie m\u00e1s longeva en la televisi\u00f3n por sus casos e investigaciones. Ante este momento bisagra, Universal TV decidi\u00f3 contar con Juan Jos\u00e9 Campanella para dirigir uno de sus cap\u00edtulos.<\/p>\n\n\n\n<p>\u00a0\u201cUniversal TV estren\u00f3 el pasado 19 de marzo la temporada n\u00famero 25 de La Ley y El Orden: UVE, reafirmando de esta manera su liderazgo, dentro del ranking mundial, como la serie m\u00e1s longeva de la pantalla chica. Como parte de este festejo, el director argentino Juan Jos\u00e9 Campanella, ganador de un premio \u00d3scar y hacedor de numerosos \u00e9xitos del cine, teatro y televisi\u00f3n, dirigir\u00e1 un cap\u00edtulo\u201d, confirm\u00f3 Universal TV sobre la participaci\u00f3n del director en la serie.<\/p>\n\n\n\n<figure class=\"wp-block-image size-full\"><img loading=\"lazy\" decoding=\"async\" width=\"1023\" height=\"575\" src=\"https:\/\/www.todoeldia.com\/wp-content\/uploads\/2024\/04\/image-39.png\" alt=\"\" class=\"wp-image-75719\" srcset=\"https:\/\/www.todoeldia.com\/wp-content\/uploads\/2024\/04\/image-39.png 1023w, https:\/\/www.todoeldia.com\/wp-content\/uploads\/2024\/04\/image-39-300x169.png 300w, https:\/\/www.todoeldia.com\/wp-content\/uploads\/2024\/04\/image-39-768x432.png 768w, https:\/\/www.todoeldia.com\/wp-content\/uploads\/2024\/04\/image-39-696x391.png 696w, https:\/\/www.todoeldia.com\/wp-content\/uploads\/2024\/04\/image-39-747x420.png 747w\" sizes=\"auto, (max-width: 1023px) 100vw, 1023px\" \/><\/figure>\n\n\n\n<p>LA LEY Y EL ORDEN: TODOS LOS DETALLES DEL CAP\u00cdTULO DIRIGIDO POR JUAN JOS\u00c9 CAMPANELLA<\/p>\n\n\n\n<p>El cap\u00edtulo dirigido por Juan Jos\u00e9 Campanella ser\u00eda el cuarto de la temporada 25. El mismo se llama \u201cDuty to Report\u201d y se estrenar\u00eda el pr\u00f3ximo 9 de abril a las 21 horas en Argentina.<\/p>\n\n\n\n<p>La base del episodio consiste un caso de agresi\u00f3n sexual que deben resolver Olivia Benson (Mariska Hargitay) y su equipo de unidad de v\u00edctimas especiales. La persona perjudicada por el crimen ser\u00eda Shea, la hija de jefe McGrath.<\/p>\n\n\n\n<p>La Ley y el Orden: UVE estren\u00f3 su temporada 25 el pasado 19 de marzo, convirti\u00e9ndose en la serie m\u00e1s longeva en la televisi\u00f3n por sus casos e investigaciones. Ante este momento bisagra, Universal TV decidi\u00f3 contar con Juan Jos\u00e9 Campanella para dirigir uno de sus cap\u00edtulos.<\/p>\n\n\n\n<p>&nbsp;\u201cUniversal TV estren\u00f3 el pasado 19 de marzo la temporada n\u00famero 25 de La Ley y El Orden: UVE, reafirmando de esta manera su liderazgo, dentro del ranking mundial, como la serie m\u00e1s longeva de la pantalla chica. Como parte de este festejo, el director argentino Juan Jos\u00e9 Campanella, ganador de un premio \u00d3scar y hacedor de numerosos \u00e9xitos del cine, teatro y televisi\u00f3n, dirigir\u00e1 un cap\u00edtulo\u201d, confirm\u00f3 Universal TV sobre la participaci\u00f3n del director en la serie.<\/p>\n","protected":false},"excerpt":{"rendered":"<p>El director y guionista argentino tendr\u00e1 un papel fundamental en un cap\u00edtulo por el 25 aniversario de la exitosa serie policial. a Ley y el Orden: UVE estren\u00f3 su temporada 25 el pasado 19 de marzo, convirti\u00e9ndose en la serie m\u00e1s longeva en la televisi\u00f3n por sus casos e investigaciones. Ante este momento bisagra, Universal [&hellip;]<\/p>\n","protected":false},"author":2,"featured_media":75718,"comment_status":"open","ping_status":"open","sticky":false,"template":"","format":"standard","meta":{"tdm_status":"","tdm_grid_status":"","_joinchat":[],"footnotes":""},"categories":[120],"tags":[],"class_list":{"0":"post-75717","1":"post","2":"type-post","3":"status-publish","4":"format-standard","5":"has-post-thumbnail","7":"category-espectaculos-2"},"amp_enabled":true,"_links":{"self":[{"href":"https:\/\/www.todoeldia.com\/index.php\/wp-json\/wp\/v2\/posts\/75717","targetHints":{"allow":["GET"]}}],"collection":[{"href":"https:\/\/www.todoeldia.com\/index.php\/wp-json\/wp\/v2\/posts"}],"about":[{"href":"https:\/\/www.todoeldia.com\/index.php\/wp-json\/wp\/v2\/types\/post"}],"author":[{"embeddable":true,"href":"https:\/\/www.todoeldia.com\/index.php\/wp-json\/wp\/v2\/users\/2"}],"replies":[{"embeddable":true,"href":"https:\/\/www.todoeldia.com\/index.php\/wp-json\/wp\/v2\/comments?post=75717"}],"version-history":[{"count":1,"href":"https:\/\/www.todoeldia.com\/index.php\/wp-json\/wp\/v2\/posts\/75717\/revisions"}],"predecessor-version":[{"id":75720,"href":"https:\/\/www.todoeldia.com\/index.php\/wp-json\/wp\/v2\/posts\/75717\/revisions\/75720"}],"wp:featuredmedia":[{"embeddable":true,"href":"https:\/\/www.todoeldia.com\/index.php\/wp-json\/wp\/v2\/media\/75718"}],"wp:attachment":[{"href":"https:\/\/www.todoeldia.com\/index.php\/wp-json\/wp\/v2\/media?parent=75717"}],"wp:term":[{"taxonomy":"category","embeddable":true,"href":"https:\/\/www.todoeldia.com\/index.php\/wp-json\/wp\/v2\/categories?post=75717"},{"taxonomy":"post_tag","embeddable":true,"href":"https:\/\/www.todoeldia.com\/index.php\/wp-json\/wp\/v2\/tags?post=75717"}],"curies":[{"name":"wp","href":"https:\/\/api.w.org\/{rel}","templated":true}]}}