{"id":7632,"date":"2020-10-05T09:55:42","date_gmt":"2020-10-05T12:55:42","guid":{"rendered":"https:\/\/www.todoeldia.com\/?p=7632"},"modified":"2020-10-05T09:55:43","modified_gmt":"2020-10-05T12:55:43","slug":"por-homicidio-culposo-resulto-condenada-e-inhabilitada-para-conducir-durante-ocho-anos","status":"publish","type":"post","link":"https:\/\/www.todoeldia.com\/index.php\/2020\/10\/05\/por-homicidio-culposo-resulto-condenada-e-inhabilitada-para-conducir-durante-ocho-anos\/","title":{"rendered":"Por homicidio culposo result\u00f3 condenada e inhabilitada para conducir durante ocho a\u00f1os"},"content":{"rendered":"\n<p>El juez&nbsp;Francisco Javier Aranibar<strong>,<\/strong>&nbsp;vocal de la Sala I del Tribunal de Juicio, conden\u00f3 a Mar\u00eda del Valle Mart\u00ednez (43) a la pena de tres a\u00f1os de prisi\u00f3n de ejecuci\u00f3n condicional e inhabilitaci\u00f3n especial para conducir todo tipo de veh\u00edculo por el t\u00e9rmino de ocho a\u00f1os por resultar autora penalmente responsable del delito de homicidio culposo en siniestro vial.<br><br>La imputada permanecer\u00e1 en libertad y deber\u00e1 cumplir una serie de obligaciones para conservar la prisi\u00f3n en suspenso: fijar residencia, mantenerla actualizada y someterse al cuidado del Programa de inserci\u00f3n social y supervisi\u00f3n de presos y liberados; abstenerse de consumir estupefacientes y de abusar de bebidas alcoh\u00f3licas; donar mercader\u00eda por el valor de mil pesos mensuales a la instituci\u00f3n \u201cDivino Ni\u00f1o Jes\u00fas\u201d, durante seis meses.<br><br>En el juicio abreviado, la imputada reconoci\u00f3 ser autora de los hechos que se le imputaban. Mart\u00ednez fue condenada por un siniestro ocurrido en avenida Felipe Varela al 100, barrio Francisco Solano. La acusada conduc\u00eda un veh\u00edculo y no advirti\u00f3 la presencia del damnificado en la calzada, por lo que lo impact\u00f3 provoc\u00e1ndole lesiones que ocasionaron su deceso.<br><br>El juez orden\u00f3 que se le realice a la condena examen m\u00e9dico y extracci\u00f3n de material gen\u00e9tico.&nbsp;<\/p>\n","protected":false},"excerpt":{"rendered":"<p>El juez&nbsp;Francisco Javier Aranibar,&nbsp;vocal de la Sala I del Tribunal de Juicio, conden\u00f3 a Mar\u00eda del Valle Mart\u00ednez (43) a la pena de tres a\u00f1os de prisi\u00f3n de ejecuci\u00f3n condicional e inhabilitaci\u00f3n especial para conducir todo tipo de veh\u00edculo por el t\u00e9rmino de ocho a\u00f1os por resultar autora penalmente responsable del delito de homicidio culposo [&hellip;]<\/p>\n","protected":false},"author":2,"featured_media":7633,"comment_status":"open","ping_status":"open","sticky":false,"template":"","format":"standard","meta":{"tdm_status":"","tdm_grid_status":"","_joinchat":[],"footnotes":""},"categories":[73],"tags":[],"class_list":{"0":"post-7632","1":"post","2":"type-post","3":"status-publish","4":"format-standard","5":"has-post-thumbnail","7":"category-noticias-general"},"amp_enabled":true,"_links":{"self":[{"href":"https:\/\/www.todoeldia.com\/index.php\/wp-json\/wp\/v2\/posts\/7632","targetHints":{"allow":["GET"]}}],"collection":[{"href":"https:\/\/www.todoeldia.com\/index.php\/wp-json\/wp\/v2\/posts"}],"about":[{"href":"https:\/\/www.todoeldia.com\/index.php\/wp-json\/wp\/v2\/types\/post"}],"author":[{"embeddable":true,"href":"https:\/\/www.todoeldia.com\/index.php\/wp-json\/wp\/v2\/users\/2"}],"replies":[{"embeddable":true,"href":"https:\/\/www.todoeldia.com\/index.php\/wp-json\/wp\/v2\/comments?post=7632"}],"version-history":[{"count":1,"href":"https:\/\/www.todoeldia.com\/index.php\/wp-json\/wp\/v2\/posts\/7632\/revisions"}],"predecessor-version":[{"id":7634,"href":"https:\/\/www.todoeldia.com\/index.php\/wp-json\/wp\/v2\/posts\/7632\/revisions\/7634"}],"wp:featuredmedia":[{"embeddable":true,"href":"https:\/\/www.todoeldia.com\/index.php\/wp-json\/wp\/v2\/media\/7633"}],"wp:attachment":[{"href":"https:\/\/www.todoeldia.com\/index.php\/wp-json\/wp\/v2\/media?parent=7632"}],"wp:term":[{"taxonomy":"category","embeddable":true,"href":"https:\/\/www.todoeldia.com\/index.php\/wp-json\/wp\/v2\/categories?post=7632"},{"taxonomy":"post_tag","embeddable":true,"href":"https:\/\/www.todoeldia.com\/index.php\/wp-json\/wp\/v2\/tags?post=7632"}],"curies":[{"name":"wp","href":"https:\/\/api.w.org\/{rel}","templated":true}]}}