{"id":77712,"date":"2024-05-20T11:52:26","date_gmt":"2024-05-20T14:52:26","guid":{"rendered":"https:\/\/www.todoeldia.com\/?p=77712"},"modified":"2024-05-20T11:52:27","modified_gmt":"2024-05-20T14:52:27","slug":"rescatan-66-gallos-de-rina-en-un-control-vial","status":"publish","type":"post","link":"https:\/\/www.todoeldia.com\/index.php\/2024\/05\/20\/rescatan-66-gallos-de-rina-en-un-control-vial\/","title":{"rendered":"Rescatan 66 gallos de ri\u00f1a en un control vial"},"content":{"rendered":"\n<p>Las aves se encontraban en malas condiciones de salud y eran trasladados dentro de cajas de cart\u00f3n.<\/p>\n\n\n\n<p>Dos hombres mayores de edad quedaron supeditados a la causa.<\/p>\n\n\n\n<figure class=\"wp-block-image size-full is-resized\"><img loading=\"lazy\" decoding=\"async\" width=\"555\" height=\"421\" src=\"https:\/\/www.todoeldia.com\/wp-content\/uploads\/2024\/05\/image-92.png\" alt=\"\" class=\"wp-image-77716\" style=\"width:1068px;height:auto\" srcset=\"https:\/\/www.todoeldia.com\/wp-content\/uploads\/2024\/05\/image-92.png 555w, https:\/\/www.todoeldia.com\/wp-content\/uploads\/2024\/05\/image-92-300x228.png 300w, https:\/\/www.todoeldia.com\/wp-content\/uploads\/2024\/05\/image-92-80x60.png 80w\" sizes=\"auto, (max-width: 555px) 100vw, 555px\" \/><\/figure>\n\n\n\n<p>Efectivos del Escuadr\u00f3n 51 \u201cFontana\u201d realizaban un operativo de prevenci\u00f3n vial sobre el kil\u00f3metro 5 de la Ruta Nacional N\u00ba 16 cuando detuvieron la marcha de una camioneta Renault Kangoo con dos ocupantes que circulaban con itinerario a Misiones y C\u00f3rdoba.<\/p>\n\n\n\n<figure class=\"wp-block-image size-full is-resized\"><img loading=\"lazy\" decoding=\"async\" width=\"555\" height=\"411\" src=\"https:\/\/www.todoeldia.com\/wp-content\/uploads\/2024\/05\/image-90.png\" alt=\"\" class=\"wp-image-77714\" style=\"width:1068px;height:auto\" srcset=\"https:\/\/www.todoeldia.com\/wp-content\/uploads\/2024\/05\/image-90.png 555w, https:\/\/www.todoeldia.com\/wp-content\/uploads\/2024\/05\/image-90-300x222.png 300w, https:\/\/www.todoeldia.com\/wp-content\/uploads\/2024\/05\/image-90-80x60.png 80w, https:\/\/www.todoeldia.com\/wp-content\/uploads\/2024\/05\/image-90-485x360.png 485w\" sizes=\"auto, (max-width: 555px) 100vw, 555px\" \/><\/figure>\n\n\n\n<p>Tras la identificaci\u00f3n de los individuos surgi\u00f3 que uno estaba domiciliado en Mendoza y el otro en C\u00f3rdoba. Continuando con la requisa del rodado, los funcionarios observaron cajas de cart\u00f3n con 66 gallos de ri\u00f1a en malas condiciones f\u00edsicas y sanitarias (estaban lastimados y varios de ellos ten\u00edan las espuelas cortadas).<\/p>\n\n\n\n<figure class=\"wp-block-image size-large is-resized\"><img loading=\"lazy\" decoding=\"async\" width=\"768\" height=\"1024\" src=\"https:\/\/www.todoeldia.com\/wp-content\/uploads\/2024\/05\/image-91-768x1024.png\" alt=\"\" class=\"wp-image-77715\" style=\"width:1068px;height:auto\" srcset=\"https:\/\/www.todoeldia.com\/wp-content\/uploads\/2024\/05\/image-91-768x1024.png 768w, https:\/\/www.todoeldia.com\/wp-content\/uploads\/2024\/05\/image-91-225x300.png 225w, https:\/\/www.todoeldia.com\/wp-content\/uploads\/2024\/05\/image-91-315x420.png 315w, https:\/\/www.todoeldia.com\/wp-content\/uploads\/2024\/05\/image-91-300x400.png 300w, https:\/\/www.todoeldia.com\/wp-content\/uploads\/2024\/05\/image-91-696x928.png 696w, https:\/\/www.todoeldia.com\/wp-content\/uploads\/2024\/05\/image-91.png 810w\" sizes=\"auto, (max-width: 768px) 100vw, 768px\" \/><\/figure>\n\n\n\n<p>Ante esta situaci\u00f3n intervinieron SENASA, cuyo personal veterinario constat\u00f3 las condiciones de las aves y la Fiscal\u00eda de Investigaci\u00f3n que orient\u00f3 que los involucrados permanezcan supeditados a la causa, en infracci\u00f3n a la Ley N\u00ba 14.346 de \u201cMaltrato Animal\u201d.<\/p>\n","protected":false},"excerpt":{"rendered":"<p>Las aves se encontraban en malas condiciones de salud y eran trasladados dentro de cajas de cart\u00f3n. Dos hombres mayores de edad quedaron supeditados a la causa. Efectivos del Escuadr\u00f3n 51 \u201cFontana\u201d realizaban un operativo de prevenci\u00f3n vial sobre el kil\u00f3metro 5 de la Ruta Nacional N\u00ba 16 cuando detuvieron la marcha de una camioneta [&hellip;]<\/p>\n","protected":false},"author":2,"featured_media":77713,"comment_status":"open","ping_status":"open","sticky":false,"template":"","format":"standard","meta":{"tdm_status":"","tdm_grid_status":"","_joinchat":[],"footnotes":""},"categories":[63],"tags":[],"class_list":{"0":"post-77712","1":"post","2":"type-post","3":"status-publish","4":"format-standard","5":"has-post-thumbnail","7":"category-policiales"},"amp_enabled":true,"_links":{"self":[{"href":"https:\/\/www.todoeldia.com\/index.php\/wp-json\/wp\/v2\/posts\/77712","targetHints":{"allow":["GET"]}}],"collection":[{"href":"https:\/\/www.todoeldia.com\/index.php\/wp-json\/wp\/v2\/posts"}],"about":[{"href":"https:\/\/www.todoeldia.com\/index.php\/wp-json\/wp\/v2\/types\/post"}],"author":[{"embeddable":true,"href":"https:\/\/www.todoeldia.com\/index.php\/wp-json\/wp\/v2\/users\/2"}],"replies":[{"embeddable":true,"href":"https:\/\/www.todoeldia.com\/index.php\/wp-json\/wp\/v2\/comments?post=77712"}],"version-history":[{"count":1,"href":"https:\/\/www.todoeldia.com\/index.php\/wp-json\/wp\/v2\/posts\/77712\/revisions"}],"predecessor-version":[{"id":77717,"href":"https:\/\/www.todoeldia.com\/index.php\/wp-json\/wp\/v2\/posts\/77712\/revisions\/77717"}],"wp:featuredmedia":[{"embeddable":true,"href":"https:\/\/www.todoeldia.com\/index.php\/wp-json\/wp\/v2\/media\/77713"}],"wp:attachment":[{"href":"https:\/\/www.todoeldia.com\/index.php\/wp-json\/wp\/v2\/media?parent=77712"}],"wp:term":[{"taxonomy":"category","embeddable":true,"href":"https:\/\/www.todoeldia.com\/index.php\/wp-json\/wp\/v2\/categories?post=77712"},{"taxonomy":"post_tag","embeddable":true,"href":"https:\/\/www.todoeldia.com\/index.php\/wp-json\/wp\/v2\/tags?post=77712"}],"curies":[{"name":"wp","href":"https:\/\/api.w.org\/{rel}","templated":true}]}}