{"id":77728,"date":"2024-05-20T12:15:58","date_gmt":"2024-05-20T15:15:58","guid":{"rendered":"https:\/\/www.todoeldia.com\/?p=77728"},"modified":"2024-05-20T12:16:24","modified_gmt":"2024-05-20T15:16:24","slug":"comerciantes-de-metan-instalaran-una-carpa-frente-de-la-municipalidad-y-desfilaran-el-25-de-mayo","status":"publish","type":"post","link":"https:\/\/www.todoeldia.com\/index.php\/2024\/05\/20\/comerciantes-de-metan-instalaran-una-carpa-frente-de-la-municipalidad-y-desfilaran-el-25-de-mayo\/","title":{"rendered":"Comerciantes de Metan instalar\u00e1n una carpa frente a la Municipalidad y desfilar\u00e1n el 25 de Mayo"},"content":{"rendered":"\n<p>Tras reunirse ayer, comerciantes de nuestra ciudad decidieron instalar una carpa frente de la Municipalidad, adem\u00e1s de desfilar el pr\u00f3ximo 25 de Mayo en reclamo por el incremento de las tarifas de energ\u00eda el\u00e9ctrica.<\/p>\n\n\n\n<p>Los comerciantes que se auto convocaron por el incremento de las tarifas de energ\u00eda el\u00e9ctrica, decidieron instalar, a partir del jueves, una carpa frente del edificio municipal para poder informar y convocar a los vecinos a sumarse a la protesta por los altos costos de los servicios tras los aumentos registrados hace dos meses.<\/p>\n\n\n\n<p>Seg\u00fan lo informado durante la jornada de ayer, los auto convocados decidieron desfilar tambi\u00e9n el 25 de Mayo y van a pedir hablar a los vecinos para poder explicar la situaci\u00f3n por la que atraviesan.<\/p>\n\n\n\n<p>Los comerciantes pidieron a los vecinos que se sumen a las protestas ya que el costo de las tarifas impacta, no solo al comercio, sino a todos en general.<\/p>\n\n\n\n<p>&#8220;Nos dicen que faltan todav\u00eda dos subas m\u00e1s, y yo tengo que cerrar, no puedo as\u00ed, tengo que juntar hasta 70 mil pesos para los servicios. El gas pagaba 40 mil pesos me vino 263 mil pesos, fui a Gasnor a reclamar y me dijeron que no, que es por la tarifa autorizada es lo que corresponde cobrar&#8221;, dijo Pablo Mart\u00ednez que hab\u00eda recibido una boleta de luz de un mill\u00f3n de pesos el mes pasado, en el programa radial el Bueno y el Malo.<\/p>\n\n\n\n<p>La convocatoria es para este mi\u00e9rcoles a las 14:30 sobre calle Jos\u00e9 Manuel Estrada 81 y la apertura fue realizada para comerciantes y familias con la finalidad de poder llevar adelante acciones de forma conjunta.<\/p>\n","protected":false},"excerpt":{"rendered":"<p>Tras reunirse ayer, comerciantes de nuestra ciudad decidieron instalar una carpa frente de la Municipalidad, adem\u00e1s de desfilar el pr\u00f3ximo 25 de Mayo en reclamo por el incremento de las tarifas de energ\u00eda el\u00e9ctrica. Los comerciantes que se auto convocaron por el incremento de las tarifas de energ\u00eda el\u00e9ctrica, decidieron instalar, a partir del jueves, [&hellip;]<\/p>\n","protected":false},"author":2,"featured_media":77729,"comment_status":"open","ping_status":"open","sticky":false,"template":"","format":"standard","meta":{"tdm_status":"","tdm_grid_status":"","_joinchat":[],"footnotes":""},"categories":[60],"tags":[],"class_list":{"0":"post-77728","1":"post","2":"type-post","3":"status-publish","4":"format-standard","5":"has-post-thumbnail","7":"category-economia"},"amp_enabled":true,"_links":{"self":[{"href":"https:\/\/www.todoeldia.com\/index.php\/wp-json\/wp\/v2\/posts\/77728","targetHints":{"allow":["GET"]}}],"collection":[{"href":"https:\/\/www.todoeldia.com\/index.php\/wp-json\/wp\/v2\/posts"}],"about":[{"href":"https:\/\/www.todoeldia.com\/index.php\/wp-json\/wp\/v2\/types\/post"}],"author":[{"embeddable":true,"href":"https:\/\/www.todoeldia.com\/index.php\/wp-json\/wp\/v2\/users\/2"}],"replies":[{"embeddable":true,"href":"https:\/\/www.todoeldia.com\/index.php\/wp-json\/wp\/v2\/comments?post=77728"}],"version-history":[{"count":2,"href":"https:\/\/www.todoeldia.com\/index.php\/wp-json\/wp\/v2\/posts\/77728\/revisions"}],"predecessor-version":[{"id":77731,"href":"https:\/\/www.todoeldia.com\/index.php\/wp-json\/wp\/v2\/posts\/77728\/revisions\/77731"}],"wp:featuredmedia":[{"embeddable":true,"href":"https:\/\/www.todoeldia.com\/index.php\/wp-json\/wp\/v2\/media\/77729"}],"wp:attachment":[{"href":"https:\/\/www.todoeldia.com\/index.php\/wp-json\/wp\/v2\/media?parent=77728"}],"wp:term":[{"taxonomy":"category","embeddable":true,"href":"https:\/\/www.todoeldia.com\/index.php\/wp-json\/wp\/v2\/categories?post=77728"},{"taxonomy":"post_tag","embeddable":true,"href":"https:\/\/www.todoeldia.com\/index.php\/wp-json\/wp\/v2\/tags?post=77728"}],"curies":[{"name":"wp","href":"https:\/\/api.w.org\/{rel}","templated":true}]}}