{"id":77742,"date":"2024-05-20T12:37:34","date_gmt":"2024-05-20T15:37:34","guid":{"rendered":"https:\/\/www.todoeldia.com\/?p=77742"},"modified":"2024-05-20T12:37:35","modified_gmt":"2024-05-20T15:37:35","slug":"dos-mecheras-robaron-latas-de-atun-de-un-negocio-en-cerrillos-y-al-ser-descubiertas-amenazaron-al-dueno","status":"publish","type":"post","link":"https:\/\/www.todoeldia.com\/index.php\/2024\/05\/20\/dos-mecheras-robaron-latas-de-atun-de-un-negocio-en-cerrillos-y-al-ser-descubiertas-amenazaron-al-dueno\/","title":{"rendered":"Dos mecheras robaron latas de at\u00fan de un negocio en Cerrillos y al ser descubiertas amenazaron al due\u00f1o"},"content":{"rendered":"\n<p>En un procedimiento abreviado realizado en la Sala III del Tribunal de Juicio, una mujer de 25 a\u00f1os fue condenada a seis meses de prisi\u00f3n condicional por resultar autora material y penalmente responsable de los delitos de hurto simple y amenazas, en concurso real.<\/p>\n\n\n\n<p>La jueza Carolina Sanguedolce le dict\u00f3 a la imputada las siguientes reglas de conducta: fijar domicilio y comunicar cualquier cambio al tribunal en 48 horas; someterse al control del patronato de presos y liberados; no abusar de bebidas alcoh\u00f3licas ni consumir estupefacientes; no cometer nuevo delito. Todo ello por el lapso de dos a\u00f1os y con apercibimiento de revocarse la condicionalidad de la pena.<\/p>\n\n\n\n<p>El denunciante relat\u00f3 que se encontraba en su local comercial, en la localidad de Cerrillos, observando las c\u00e1maras de seguridad cuando not\u00f3 que dos mujeres sacaban latas de at\u00fan y las guardaban en sus carteras. Fue a ese sector de esas g\u00f3ndolas y ambas comenzaron a amenazarlo, haciendo amagues de agredirlo con las latas. Se dieron a la fuga, pero fueron demoradas en la plaza central. All\u00ed continuaron amenazando al damnificado, grit\u00e1ndole: \u201cYa vas a ver, te vamos a matar, ma\u00f1ana salimos y volvemos\u201d.<\/p>\n","protected":false},"excerpt":{"rendered":"<p>En un procedimiento abreviado realizado en la Sala III del Tribunal de Juicio, una mujer de 25 a\u00f1os fue condenada a seis meses de prisi\u00f3n condicional por resultar autora material y penalmente responsable de los delitos de hurto simple y amenazas, en concurso real. La jueza Carolina Sanguedolce le dict\u00f3 a la imputada las siguientes [&hellip;]<\/p>\n","protected":false},"author":2,"featured_media":77743,"comment_status":"open","ping_status":"open","sticky":false,"template":"","format":"standard","meta":{"tdm_status":"","tdm_grid_status":"","_joinchat":[],"footnotes":""},"categories":[63],"tags":[],"class_list":{"0":"post-77742","1":"post","2":"type-post","3":"status-publish","4":"format-standard","5":"has-post-thumbnail","7":"category-policiales"},"amp_enabled":true,"_links":{"self":[{"href":"https:\/\/www.todoeldia.com\/index.php\/wp-json\/wp\/v2\/posts\/77742","targetHints":{"allow":["GET"]}}],"collection":[{"href":"https:\/\/www.todoeldia.com\/index.php\/wp-json\/wp\/v2\/posts"}],"about":[{"href":"https:\/\/www.todoeldia.com\/index.php\/wp-json\/wp\/v2\/types\/post"}],"author":[{"embeddable":true,"href":"https:\/\/www.todoeldia.com\/index.php\/wp-json\/wp\/v2\/users\/2"}],"replies":[{"embeddable":true,"href":"https:\/\/www.todoeldia.com\/index.php\/wp-json\/wp\/v2\/comments?post=77742"}],"version-history":[{"count":1,"href":"https:\/\/www.todoeldia.com\/index.php\/wp-json\/wp\/v2\/posts\/77742\/revisions"}],"predecessor-version":[{"id":77744,"href":"https:\/\/www.todoeldia.com\/index.php\/wp-json\/wp\/v2\/posts\/77742\/revisions\/77744"}],"wp:featuredmedia":[{"embeddable":true,"href":"https:\/\/www.todoeldia.com\/index.php\/wp-json\/wp\/v2\/media\/77743"}],"wp:attachment":[{"href":"https:\/\/www.todoeldia.com\/index.php\/wp-json\/wp\/v2\/media?parent=77742"}],"wp:term":[{"taxonomy":"category","embeddable":true,"href":"https:\/\/www.todoeldia.com\/index.php\/wp-json\/wp\/v2\/categories?post=77742"},{"taxonomy":"post_tag","embeddable":true,"href":"https:\/\/www.todoeldia.com\/index.php\/wp-json\/wp\/v2\/tags?post=77742"}],"curies":[{"name":"wp","href":"https:\/\/api.w.org\/{rel}","templated":true}]}}