{"id":77754,"date":"2024-05-20T14:31:05","date_gmt":"2024-05-20T17:31:05","guid":{"rendered":"https:\/\/www.todoeldia.com\/?p=77754"},"modified":"2024-05-20T14:33:10","modified_gmt":"2024-05-20T17:33:10","slug":"un-oranense-y-un-tucumano-detenidos-por-el-doble-homicidio-en-colonia-santa-rosa","status":"publish","type":"post","link":"https:\/\/www.todoeldia.com\/index.php\/2024\/05\/20\/un-oranense-y-un-tucumano-detenidos-por-el-doble-homicidio-en-colonia-santa-rosa\/","title":{"rendered":"Un oranense y un tucumano detenidos por el doble homicidio en Colonia Santa Rosa"},"content":{"rendered":"\n<p>Dos personas sospechosas de haber tenido participaci\u00f3n en el asesinato de los 2 hombres de nacionalidad boliviana en la ruta 34 cerca de Colonia Santa Rosa fueron detenidas en las \u00faltimas horas.<\/p>\n\n\n\n<p>Una de ellas, de la ciudad de Or\u00e1n, ya fue imputada y la otra es de la provincia de Tucum\u00e1n.<\/p>\n\n\n\n<p>La fiscal penal de la Unidad de Graves Atentados contra las Personas de Or\u00e1n, Mar\u00eda Soledad Filtr\u00edn Cuezzo, inform\u00f3 que en el marco de la investigaci\u00f3n que lleva adelante por el homicidio de dos personas provenientes de Bolivia, se produjo la detenci\u00f3n de dos individuos vinculados a la comisi\u00f3n del hecho.<\/p>\n\n\n\n<p>En el avance de la investigaci\u00f3n, se logr\u00f3 identificar a una persona residente en la ciudad de Or\u00e1n y a otra en la provincia de Tucum\u00e1n como sospechosas de haber participado en el hecho. Se solicit\u00f3 al Juzgado de Garant\u00edas 1 del distrito Or\u00e1n, orden de allanamiento, secuestro y detenci\u00f3n para los domicilios de los investigados.<\/p>\n\n\n\n<p>En cumplimiento de la medida se detuvo a ambas personas y se logr\u00f3 el secuestro de elementos de inter\u00e9s para la causa.<\/p>\n\n\n\n<p>El detenido en la ciudad de Or\u00e1n fue imputado de forma provisional como autor del delito de homicidio calificado por el uso de arma de fuego, alevos\u00eda y por el concurso premeditado de dos o m\u00e1s personas en dos hechos, mientras que el detenido en la provincia de Tucum\u00e1n, ser\u00e1 imputado en las pr\u00f3ximas horas en calidad de coautor.<\/p>\n\n\n\n<p>Las tareas investigativas dirigidas por la fiscal Filtr\u00edn Cuezzo contin\u00faan con el objetivo de esclarecer el hecho y de individualizar a todas las personas involucradas.<\/p>\n","protected":false},"excerpt":{"rendered":"<p>Dos personas sospechosas de haber tenido participaci\u00f3n en el asesinato de los 2 hombres de nacionalidad boliviana en la ruta 34 cerca de Colonia Santa Rosa fueron detenidas en las \u00faltimas horas. Una de ellas, de la ciudad de Or\u00e1n, ya fue imputada y la otra es de la provincia de Tucum\u00e1n. La fiscal penal [&hellip;]<\/p>\n","protected":false},"author":2,"featured_media":77756,"comment_status":"open","ping_status":"open","sticky":false,"template":"","format":"standard","meta":{"tdm_status":"","tdm_grid_status":"","_joinchat":[],"footnotes":""},"categories":[63],"tags":[],"class_list":{"0":"post-77754","1":"post","2":"type-post","3":"status-publish","4":"format-standard","5":"has-post-thumbnail","7":"category-policiales"},"amp_enabled":true,"_links":{"self":[{"href":"https:\/\/www.todoeldia.com\/index.php\/wp-json\/wp\/v2\/posts\/77754","targetHints":{"allow":["GET"]}}],"collection":[{"href":"https:\/\/www.todoeldia.com\/index.php\/wp-json\/wp\/v2\/posts"}],"about":[{"href":"https:\/\/www.todoeldia.com\/index.php\/wp-json\/wp\/v2\/types\/post"}],"author":[{"embeddable":true,"href":"https:\/\/www.todoeldia.com\/index.php\/wp-json\/wp\/v2\/users\/2"}],"replies":[{"embeddable":true,"href":"https:\/\/www.todoeldia.com\/index.php\/wp-json\/wp\/v2\/comments?post=77754"}],"version-history":[{"count":1,"href":"https:\/\/www.todoeldia.com\/index.php\/wp-json\/wp\/v2\/posts\/77754\/revisions"}],"predecessor-version":[{"id":77755,"href":"https:\/\/www.todoeldia.com\/index.php\/wp-json\/wp\/v2\/posts\/77754\/revisions\/77755"}],"wp:featuredmedia":[{"embeddable":true,"href":"https:\/\/www.todoeldia.com\/index.php\/wp-json\/wp\/v2\/media\/77756"}],"wp:attachment":[{"href":"https:\/\/www.todoeldia.com\/index.php\/wp-json\/wp\/v2\/media?parent=77754"}],"wp:term":[{"taxonomy":"category","embeddable":true,"href":"https:\/\/www.todoeldia.com\/index.php\/wp-json\/wp\/v2\/categories?post=77754"},{"taxonomy":"post_tag","embeddable":true,"href":"https:\/\/www.todoeldia.com\/index.php\/wp-json\/wp\/v2\/tags?post=77754"}],"curies":[{"name":"wp","href":"https:\/\/api.w.org\/{rel}","templated":true}]}}