{"id":77760,"date":"2024-05-20T14:41:40","date_gmt":"2024-05-20T17:41:40","guid":{"rendered":"https:\/\/www.todoeldia.com\/?p=77760"},"modified":"2024-05-20T14:41:41","modified_gmt":"2024-05-20T17:41:41","slug":"los-sindicatos-docentes-decidieron-realizar-un-paro-nacional-de-24-horas-el-proximo-jueves","status":"publish","type":"post","link":"https:\/\/www.todoeldia.com\/index.php\/2024\/05\/20\/los-sindicatos-docentes-decidieron-realizar-un-paro-nacional-de-24-horas-el-proximo-jueves\/","title":{"rendered":"Los sindicatos docentes decidieron realizar un paro nacional de 24 horas el pr\u00f3ximo jueves"},"content":{"rendered":"\n<p>Tanto CTERA como los gremios agrupados en la CGT convocar\u00e1n a una nueva medida de fuerza ante la falta de convocatoria de la paritaria nacional docente por parte del Gobierno.<\/p>\n\n\n\n<p>Los gremios docentes realizar\u00e1n este jueves un paro de 24 horas en todos los niveles del sistema educativo (inicial, primaria, secundaria, t\u00e9cnica, institutos de educaci\u00f3n superior y nivel universitario) en protesta por el atraso salarial y la falta de convocatoria del Gobierno a la paritaria nacional del sector, que \u201cest\u00e1 pisada desde el mes de diciembre de 2023 en $250.000\u2033.<\/p>\n\n\n\n<p>La medida de fuerza, que fue resuelta tanto por los 4 gremios docentes de la CGT (UDA, AMET, CEA y SADOP) como por la Confederaci\u00f3n de Trabajadores de la Educaci\u00f3n de la Rep\u00fablica Argentina (CTERA), se producir\u00e1 ante el estancamiento de las negociaciones con la ministra de Capital Humano, Sandra Pettovello, que el 6 de este mes prometi\u00f3 respuestas a los reclamos salariales, como el llamado a la paritaria nacional docente, y no volvi\u00f3 a llamar a los dirigentes del sector educativo.<\/p>\n","protected":false},"excerpt":{"rendered":"<p>Tanto CTERA como los gremios agrupados en la CGT convocar\u00e1n a una nueva medida de fuerza ante la falta de convocatoria de la paritaria nacional docente por parte del Gobierno. Los gremios docentes realizar\u00e1n este jueves un paro de 24 horas en todos los niveles del sistema educativo (inicial, primaria, secundaria, t\u00e9cnica, institutos de educaci\u00f3n [&hellip;]<\/p>\n","protected":false},"author":2,"featured_media":73864,"comment_status":"open","ping_status":"open","sticky":false,"template":"","format":"standard","meta":{"tdm_status":"","tdm_grid_status":"","_joinchat":[],"footnotes":""},"categories":[61],"tags":[],"class_list":{"0":"post-77760","1":"post","2":"type-post","3":"status-publish","4":"format-standard","5":"has-post-thumbnail","7":"category-educacion"},"amp_enabled":true,"_links":{"self":[{"href":"https:\/\/www.todoeldia.com\/index.php\/wp-json\/wp\/v2\/posts\/77760","targetHints":{"allow":["GET"]}}],"collection":[{"href":"https:\/\/www.todoeldia.com\/index.php\/wp-json\/wp\/v2\/posts"}],"about":[{"href":"https:\/\/www.todoeldia.com\/index.php\/wp-json\/wp\/v2\/types\/post"}],"author":[{"embeddable":true,"href":"https:\/\/www.todoeldia.com\/index.php\/wp-json\/wp\/v2\/users\/2"}],"replies":[{"embeddable":true,"href":"https:\/\/www.todoeldia.com\/index.php\/wp-json\/wp\/v2\/comments?post=77760"}],"version-history":[{"count":1,"href":"https:\/\/www.todoeldia.com\/index.php\/wp-json\/wp\/v2\/posts\/77760\/revisions"}],"predecessor-version":[{"id":77761,"href":"https:\/\/www.todoeldia.com\/index.php\/wp-json\/wp\/v2\/posts\/77760\/revisions\/77761"}],"wp:featuredmedia":[{"embeddable":true,"href":"https:\/\/www.todoeldia.com\/index.php\/wp-json\/wp\/v2\/media\/73864"}],"wp:attachment":[{"href":"https:\/\/www.todoeldia.com\/index.php\/wp-json\/wp\/v2\/media?parent=77760"}],"wp:term":[{"taxonomy":"category","embeddable":true,"href":"https:\/\/www.todoeldia.com\/index.php\/wp-json\/wp\/v2\/categories?post=77760"},{"taxonomy":"post_tag","embeddable":true,"href":"https:\/\/www.todoeldia.com\/index.php\/wp-json\/wp\/v2\/tags?post=77760"}],"curies":[{"name":"wp","href":"https:\/\/api.w.org\/{rel}","templated":true}]}}