{"id":77765,"date":"2024-05-20T20:56:42","date_gmt":"2024-05-20T23:56:42","guid":{"rendered":"https:\/\/www.todoeldia.com\/?p=77765"},"modified":"2024-05-20T20:56:43","modified_gmt":"2024-05-20T23:56:43","slug":"un-mayor-y-tres-menores-imputados-tras-un-homicidio-en-rosario-de-la-frontera","status":"publish","type":"post","link":"https:\/\/www.todoeldia.com\/index.php\/2024\/05\/20\/un-mayor-y-tres-menores-imputados-tras-un-homicidio-en-rosario-de-la-frontera\/","title":{"rendered":"Un mayor y tres menores imputados tras un homicidio en Rosario de la Frontera"},"content":{"rendered":"\n<p>El hecho ocurri\u00f3 el pasado s\u00e1bado, cuando se encontr\u00f3 a un joven de 21 a\u00f1os sin vida en barrio Ram\u00f3n Abdala, en proximidades del r\u00edo Rosario.<\/p>\n\n\n\n<p>El fiscal penal de Rosario de la Frontera, Nicol\u00e1s Rodr\u00edguez L\u00f3pez, imput\u00f3 de forma provisional a un hombre de 21 a\u00f1os y a dos adolescentes de 15 a\u00f1os, un var\u00f3n y una mujer, por el delito de homicidio calificado por ensa\u00f1amiento, alevos\u00eda y con el concurso premeditado de dos o m\u00e1s personas. Adem\u00e1s, a una adolescente de 17 a\u00f1os por el delito de encubrimiento agravado de ese delito.<\/p>\n\n\n\n<p>Tras la audiencia de imputaci\u00f3n, desde la Fiscal\u00eda se solicit\u00f3 que el acusado de 21 a\u00f1os permanezca detenido.<\/p>\n\n\n\n<p>Con el avance de las investigaciones realizadas por la Brigada de Investigaciones, se identific\u00f3 al hombre mayor de edad y a los tres menores como sospechosos de haber participado en el hecho.<\/p>\n\n\n\n<p>Mientras las tareas de investigaci\u00f3n contin\u00faan, el fiscal Rodr\u00edguez L\u00f3pez inform\u00f3 que, durante la ma\u00f1ana de este lunes, los familiares del fallecido fueron recibidos en la sede fiscal y puestos al tanto de las actuaciones.<\/p>\n","protected":false},"excerpt":{"rendered":"<p>El hecho ocurri\u00f3 el pasado s\u00e1bado, cuando se encontr\u00f3 a un joven de 21 a\u00f1os sin vida en barrio Ram\u00f3n Abdala, en proximidades del r\u00edo Rosario. El fiscal penal de Rosario de la Frontera, Nicol\u00e1s Rodr\u00edguez L\u00f3pez, imput\u00f3 de forma provisional a un hombre de 21 a\u00f1os y a dos adolescentes de 15 a\u00f1os, un [&hellip;]<\/p>\n","protected":false},"author":2,"featured_media":77766,"comment_status":"open","ping_status":"open","sticky":false,"template":"","format":"standard","meta":{"tdm_status":"","tdm_grid_status":"","_joinchat":[],"footnotes":""},"categories":[63],"tags":[],"class_list":{"0":"post-77765","1":"post","2":"type-post","3":"status-publish","4":"format-standard","5":"has-post-thumbnail","7":"category-policiales"},"amp_enabled":true,"_links":{"self":[{"href":"https:\/\/www.todoeldia.com\/index.php\/wp-json\/wp\/v2\/posts\/77765","targetHints":{"allow":["GET"]}}],"collection":[{"href":"https:\/\/www.todoeldia.com\/index.php\/wp-json\/wp\/v2\/posts"}],"about":[{"href":"https:\/\/www.todoeldia.com\/index.php\/wp-json\/wp\/v2\/types\/post"}],"author":[{"embeddable":true,"href":"https:\/\/www.todoeldia.com\/index.php\/wp-json\/wp\/v2\/users\/2"}],"replies":[{"embeddable":true,"href":"https:\/\/www.todoeldia.com\/index.php\/wp-json\/wp\/v2\/comments?post=77765"}],"version-history":[{"count":1,"href":"https:\/\/www.todoeldia.com\/index.php\/wp-json\/wp\/v2\/posts\/77765\/revisions"}],"predecessor-version":[{"id":77767,"href":"https:\/\/www.todoeldia.com\/index.php\/wp-json\/wp\/v2\/posts\/77765\/revisions\/77767"}],"wp:featuredmedia":[{"embeddable":true,"href":"https:\/\/www.todoeldia.com\/index.php\/wp-json\/wp\/v2\/media\/77766"}],"wp:attachment":[{"href":"https:\/\/www.todoeldia.com\/index.php\/wp-json\/wp\/v2\/media?parent=77765"}],"wp:term":[{"taxonomy":"category","embeddable":true,"href":"https:\/\/www.todoeldia.com\/index.php\/wp-json\/wp\/v2\/categories?post=77765"},{"taxonomy":"post_tag","embeddable":true,"href":"https:\/\/www.todoeldia.com\/index.php\/wp-json\/wp\/v2\/tags?post=77765"}],"curies":[{"name":"wp","href":"https:\/\/api.w.org\/{rel}","templated":true}]}}