{"id":77768,"date":"2024-05-20T21:10:03","date_gmt":"2024-05-21T00:10:03","guid":{"rendered":"https:\/\/www.todoeldia.com\/?p=77768"},"modified":"2024-05-20T21:10:04","modified_gmt":"2024-05-21T00:10:04","slug":"piden-prision-perpetua-para-la-homicida-de-villa-lavalle","status":"publish","type":"post","link":"https:\/\/www.todoeldia.com\/index.php\/2024\/05\/20\/piden-prision-perpetua-para-la-homicida-de-villa-lavalle\/","title":{"rendered":"Piden prisi\u00f3n perpetua para la homicida de Villa Lavalle"},"content":{"rendered":"\n<p>En la Sala III del Tribunal de Juicio se llev\u00f3 a cabo la audiencia de alegatos en la causa seguida contra una mujer 35 a\u00f1os imputada por el delito de homicidio calificado por alevos\u00eda.<\/p>\n\n\n\n<p>La fiscal\u00eda mantuvo la acusaci\u00f3n y solicit\u00f3 pena de prisi\u00f3n perpetua para la imputada R. M. C. Por considerar que se trat\u00f3 de un accidente, la defensa pidi\u00f3 su absoluci\u00f3n lisa y llana y, subsidiariamente, absoluci\u00f3n por aplicaci\u00f3n del principio de la duda.<\/p>\n\n\n\n<p>Al t\u00e9rmino de los alegatos, el tribunal pas\u00f3 a un cuarto intermedio hasta ma\u00f1ana a las 8.15, momento en que la imputada podr\u00e1 pronunciar sus \u00faltimas. Seguidamente se dar\u00e1 a conocer el veredicto.<\/p>\n\n\n\n<p>R. M. C. est\u00e1 acusada por un hecho ocurrido el 7 de junio de 2019 en una vivienda precaria de Villa Lavalle, donde un hombre falleci\u00f3 por intoxicaci\u00f3n por mon\u00f3xido de carbono y posterior calcinaci\u00f3n en el contexto de un incendio.<\/p>\n\n\n\n<p>Seg\u00fan consta en la causa, la mujer habr\u00eda aprovechado la situaci\u00f3n de indefensi\u00f3n de la v\u00edctima, quien se encontraba inconsciente, y le habr\u00eda prendido fuego a la habitaci\u00f3n.<\/p>\n","protected":false},"excerpt":{"rendered":"<p>En la Sala III del Tribunal de Juicio se llev\u00f3 a cabo la audiencia de alegatos en la causa seguida contra una mujer 35 a\u00f1os imputada por el delito de homicidio calificado por alevos\u00eda. La fiscal\u00eda mantuvo la acusaci\u00f3n y solicit\u00f3 pena de prisi\u00f3n perpetua para la imputada R. M. C. Por considerar que se [&hellip;]<\/p>\n","protected":false},"author":2,"featured_media":77769,"comment_status":"open","ping_status":"open","sticky":false,"template":"","format":"standard","meta":{"tdm_status":"","tdm_grid_status":"","_joinchat":[],"footnotes":""},"categories":[63],"tags":[],"class_list":{"0":"post-77768","1":"post","2":"type-post","3":"status-publish","4":"format-standard","5":"has-post-thumbnail","7":"category-policiales"},"amp_enabled":true,"_links":{"self":[{"href":"https:\/\/www.todoeldia.com\/index.php\/wp-json\/wp\/v2\/posts\/77768","targetHints":{"allow":["GET"]}}],"collection":[{"href":"https:\/\/www.todoeldia.com\/index.php\/wp-json\/wp\/v2\/posts"}],"about":[{"href":"https:\/\/www.todoeldia.com\/index.php\/wp-json\/wp\/v2\/types\/post"}],"author":[{"embeddable":true,"href":"https:\/\/www.todoeldia.com\/index.php\/wp-json\/wp\/v2\/users\/2"}],"replies":[{"embeddable":true,"href":"https:\/\/www.todoeldia.com\/index.php\/wp-json\/wp\/v2\/comments?post=77768"}],"version-history":[{"count":1,"href":"https:\/\/www.todoeldia.com\/index.php\/wp-json\/wp\/v2\/posts\/77768\/revisions"}],"predecessor-version":[{"id":77770,"href":"https:\/\/www.todoeldia.com\/index.php\/wp-json\/wp\/v2\/posts\/77768\/revisions\/77770"}],"wp:featuredmedia":[{"embeddable":true,"href":"https:\/\/www.todoeldia.com\/index.php\/wp-json\/wp\/v2\/media\/77769"}],"wp:attachment":[{"href":"https:\/\/www.todoeldia.com\/index.php\/wp-json\/wp\/v2\/media?parent=77768"}],"wp:term":[{"taxonomy":"category","embeddable":true,"href":"https:\/\/www.todoeldia.com\/index.php\/wp-json\/wp\/v2\/categories?post=77768"},{"taxonomy":"post_tag","embeddable":true,"href":"https:\/\/www.todoeldia.com\/index.php\/wp-json\/wp\/v2\/tags?post=77768"}],"curies":[{"name":"wp","href":"https:\/\/api.w.org\/{rel}","templated":true}]}}