{"id":7866,"date":"2020-10-07T09:31:21","date_gmt":"2020-10-07T12:31:21","guid":{"rendered":"https:\/\/www.todoeldia.com\/?p=7866"},"modified":"2020-10-07T09:31:23","modified_gmt":"2020-10-07T12:31:23","slug":"aberrante-degenerado-a-juicio-por-abusar-de-tres-menores-dos-ellas-eran-sus-hijas-y-la-tercera-una-sobrina","status":"publish","type":"post","link":"https:\/\/www.todoeldia.com\/index.php\/2020\/10\/07\/aberrante-degenerado-a-juicio-por-abusar-de-tres-menores-dos-ellas-eran-sus-hijas-y-la-tercera-una-sobrina\/","title":{"rendered":"Aberrante: degenerado a juicio por abusar de tres menores, dos ellas eran sus hijas y la tercera una sobrina"},"content":{"rendered":"\n<p>Un hombre de 38 a\u00f1os fue requerido a juicio por cometer actos de abuso sexual en perjuicio de dos hijas y una sobrina menores de edad. Fue denunciado en el a\u00f1o 2017 y se mantuvo pr\u00f3fugo hasta setiembre de 2019.<\/p>\n\n\n\n<p>La&nbsp;fiscal penal 3 de la Unidad de Delitos contra la Integridad Sexual, Cecilia Flores Toranzos,&nbsp;requiri\u00f3 juicio&nbsp;en el mes de agosto&nbsp;y present\u00f3 el ofrecimiento a prueba&nbsp;en una causa contra un&nbsp;hombre de 38 a\u00f1os, acusado de los delitos de abuso sexual con acceso carnal agravado por la guarda en concurso real con abuso sexual simple agravado en perjuicio de una menor de 14 a\u00f1os; abuso sexual simple agravado por la guarda en perjuicio de una menor de 14 a\u00f1os y abuso sexual simple agravado por el v\u00ednculo y la convivencia en perjuicio de una menor de 11 a\u00f1os.<\/p>\n\n\n\n<p>El acusado&nbsp;es padre de dos de las menores y t\u00edo de la otra y fue denunciado en el a\u00f1o 2017&nbsp;por las madres de las v\u00edctimas, quienes&nbsp;tomaron conocimiento por un familiar de los abusos a los que las somet\u00eda cuando pasaba tiempo con ellas.<\/p>\n\n\n\n<p>Iniciada la investigaci\u00f3n,&nbsp;se mantuvo pr\u00f3fugo hasta setiembre de 2019, cuando fue detenido.<\/p>\n","protected":false},"excerpt":{"rendered":"<p>Un hombre de 38 a\u00f1os fue requerido a juicio por cometer actos de abuso sexual en perjuicio de dos hijas y una sobrina menores de edad. Fue denunciado en el a\u00f1o 2017 y se mantuvo pr\u00f3fugo hasta setiembre de 2019. La&nbsp;fiscal penal 3 de la Unidad de Delitos contra la Integridad Sexual, Cecilia Flores Toranzos,&nbsp;requiri\u00f3 [&hellip;]<\/p>\n","protected":false},"author":2,"featured_media":7867,"comment_status":"open","ping_status":"open","sticky":false,"template":"","format":"standard","meta":{"tdm_status":"","tdm_grid_status":"","_joinchat":[],"footnotes":""},"categories":[63],"tags":[],"class_list":{"0":"post-7866","1":"post","2":"type-post","3":"status-publish","4":"format-standard","5":"has-post-thumbnail","7":"category-policiales"},"amp_enabled":true,"_links":{"self":[{"href":"https:\/\/www.todoeldia.com\/index.php\/wp-json\/wp\/v2\/posts\/7866","targetHints":{"allow":["GET"]}}],"collection":[{"href":"https:\/\/www.todoeldia.com\/index.php\/wp-json\/wp\/v2\/posts"}],"about":[{"href":"https:\/\/www.todoeldia.com\/index.php\/wp-json\/wp\/v2\/types\/post"}],"author":[{"embeddable":true,"href":"https:\/\/www.todoeldia.com\/index.php\/wp-json\/wp\/v2\/users\/2"}],"replies":[{"embeddable":true,"href":"https:\/\/www.todoeldia.com\/index.php\/wp-json\/wp\/v2\/comments?post=7866"}],"version-history":[{"count":1,"href":"https:\/\/www.todoeldia.com\/index.php\/wp-json\/wp\/v2\/posts\/7866\/revisions"}],"predecessor-version":[{"id":7868,"href":"https:\/\/www.todoeldia.com\/index.php\/wp-json\/wp\/v2\/posts\/7866\/revisions\/7868"}],"wp:featuredmedia":[{"embeddable":true,"href":"https:\/\/www.todoeldia.com\/index.php\/wp-json\/wp\/v2\/media\/7867"}],"wp:attachment":[{"href":"https:\/\/www.todoeldia.com\/index.php\/wp-json\/wp\/v2\/media?parent=7866"}],"wp:term":[{"taxonomy":"category","embeddable":true,"href":"https:\/\/www.todoeldia.com\/index.php\/wp-json\/wp\/v2\/categories?post=7866"},{"taxonomy":"post_tag","embeddable":true,"href":"https:\/\/www.todoeldia.com\/index.php\/wp-json\/wp\/v2\/tags?post=7866"}],"curies":[{"name":"wp","href":"https:\/\/api.w.org\/{rel}","templated":true}]}}