{"id":7875,"date":"2020-10-07T09:51:34","date_gmt":"2020-10-07T12:51:34","guid":{"rendered":"https:\/\/www.todoeldia.com\/?p=7875"},"modified":"2020-10-07T09:51:34","modified_gmt":"2020-10-07T12:51:34","slug":"al-evaluar-la-situacion-epidemiologica-esteban-aseguro-que-tenemos-un-equipo-humano-a-la-altura-de-las-circunstancias","status":"publish","type":"post","link":"https:\/\/www.todoeldia.com\/index.php\/2020\/10\/07\/al-evaluar-la-situacion-epidemiologica-esteban-aseguro-que-tenemos-un-equipo-humano-a-la-altura-de-las-circunstancias\/","title":{"rendered":"Al evaluar la situaci\u00f3n epidemiol\u00f3gica, Esteban asegur\u00f3 que \u201ctenemos un equipo humano a la altura de las circunstancias\u201d."},"content":{"rendered":"\n<p>El ministro Esteban evalu\u00f3 la situaci\u00f3n epidemiol\u00f3gica de la Provincia junto a los gerentes de la Capital, al igual que la flexibilizaci\u00f3n del A.S.P.O., la provisi\u00f3n de medicamentos para las Unidades de Terapia Intensiva y la incorporaci\u00f3n de recurso humano.<\/p>\n\n\n\n<p>El ministro de Salud P\u00fablica, adem\u00e1s de reunir a los gerentes generales de los hospitales de la Ciudad de Salta, invit\u00f3 a los&nbsp;referentes de las distintas Unidades de Terapias Intensivas<strong>,<\/strong>&nbsp;con el objetivo de examinar el tiempo de estadio de los pacientes COVID-19, la necesidad y&nbsp;las complicaciones que se presentan en la atenci\u00f3n.<\/p>\n\n\n\n<p>El gerente general del hospital Se\u00f1or del Milagro, Julio Garz\u00f3n puso de manifiesto la importancia de la extensi\u00f3n en las internaciones de los pacientes que precisen rehabilitaci\u00f3n por las secuelas que deja el coronavirus. Tambi\u00e9n resalt\u00f3 la&nbsp;necesidad de conseguir habilitaciones para que el recurso humano capacitado pueda desempe\u00f1arse en otros hospitales.<\/p>\n\n\n\n<p>Daniel Mamani, gerente general del hospital Papa Francisco, explic\u00f3 al titular de la cartera sanitaria, que en su nosocomio las salas est\u00e1n sectorizadas, con la finalidad de los pacientes roten de acuerdo a las etapas de desarrollo de la enfermedad.<\/p>\n\n\n\n<p>En tanto, el jefe de la Unidad de Terapia Intensiva de este nosocomio, Ricardo Le\u00f3n de la Fuente, propuso evaluar alternativas de tratamiento previo a la intubaci\u00f3n de pacientes, debido a las graves secuelas que deja la intubaci\u00f3n en los pacientes que sobreviven.<\/p>\n\n\n\n<p>Marcelo Nallar, gerente del hospital Arturo O\u00f1ativia, expres\u00f3 su inquietud sobre la conducta social frente a la flexibilizaci\u00f3n del ASPO y el gerente del Hospital Materno Infantil, Federico Mangione, anticip\u00f3 que todo el personal sanitario a su cargo, ser\u00e1 testeado.<\/p>\n\n\n\n<p>Por su lado, el gerente del hospital Miguel Ragone, Fernando Acu\u00f1a, afirm\u00f3 que est\u00e1 analizando la instalaci\u00f3n de una sala COVID-19 en la instituci\u00f3n sanitaria referente en salud mental.<\/p>\n\n\n\n<p>Esteban Saicha, gerente de Atenci\u00f3n de las Personas del hospital San Bernardo, manifest\u00f3 la necesidad del retorno de personal que fue asignado a otro centro asistencial.<\/p>\n\n\n\n<p>El ministro de Salud P\u00fablica, Juan Jos\u00e9 Esteban, comparti\u00f3 la preocupaci\u00f3n frente a flexibilizaci\u00f3n del ASPO por la aparici\u00f3n de nuevos casos que pudieran presentarse, pero destac\u00f3 la gesti\u00f3n hospitalaria \u201cme sorprendieron y orgullecieron las distintas obras de envergadura, la incorporaci\u00f3n de camas de alta complejidad con respiradores y equipamientos de primera generaci\u00f3n, la creaci\u00f3n de distintas carpas, la habilitaci\u00f3n de nuevas camas y espacios. Estamos teniendo un equipo humano a la altura de las circunstancias\u201d.<\/p>\n","protected":false},"excerpt":{"rendered":"<p>El ministro Esteban evalu\u00f3 la situaci\u00f3n epidemiol\u00f3gica de la Provincia junto a los gerentes de la Capital, al igual que la flexibilizaci\u00f3n del A.S.P.O., la provisi\u00f3n de medicamentos para las Unidades de Terapia Intensiva y la incorporaci\u00f3n de recurso humano. El ministro de Salud P\u00fablica, adem\u00e1s de reunir a los gerentes generales de los hospitales [&hellip;]<\/p>\n","protected":false},"author":2,"featured_media":7876,"comment_status":"open","ping_status":"open","sticky":false,"template":"","format":"standard","meta":{"tdm_status":"","tdm_grid_status":"","_joinchat":[],"footnotes":""},"categories":[69],"tags":[],"class_list":{"0":"post-7875","1":"post","2":"type-post","3":"status-publish","4":"format-standard","5":"has-post-thumbnail","7":"category-salta"},"amp_enabled":true,"_links":{"self":[{"href":"https:\/\/www.todoeldia.com\/index.php\/wp-json\/wp\/v2\/posts\/7875","targetHints":{"allow":["GET"]}}],"collection":[{"href":"https:\/\/www.todoeldia.com\/index.php\/wp-json\/wp\/v2\/posts"}],"about":[{"href":"https:\/\/www.todoeldia.com\/index.php\/wp-json\/wp\/v2\/types\/post"}],"author":[{"embeddable":true,"href":"https:\/\/www.todoeldia.com\/index.php\/wp-json\/wp\/v2\/users\/2"}],"replies":[{"embeddable":true,"href":"https:\/\/www.todoeldia.com\/index.php\/wp-json\/wp\/v2\/comments?post=7875"}],"version-history":[{"count":1,"href":"https:\/\/www.todoeldia.com\/index.php\/wp-json\/wp\/v2\/posts\/7875\/revisions"}],"predecessor-version":[{"id":7877,"href":"https:\/\/www.todoeldia.com\/index.php\/wp-json\/wp\/v2\/posts\/7875\/revisions\/7877"}],"wp:featuredmedia":[{"embeddable":true,"href":"https:\/\/www.todoeldia.com\/index.php\/wp-json\/wp\/v2\/media\/7876"}],"wp:attachment":[{"href":"https:\/\/www.todoeldia.com\/index.php\/wp-json\/wp\/v2\/media?parent=7875"}],"wp:term":[{"taxonomy":"category","embeddable":true,"href":"https:\/\/www.todoeldia.com\/index.php\/wp-json\/wp\/v2\/categories?post=7875"},{"taxonomy":"post_tag","embeddable":true,"href":"https:\/\/www.todoeldia.com\/index.php\/wp-json\/wp\/v2\/tags?post=7875"}],"curies":[{"name":"wp","href":"https:\/\/api.w.org\/{rel}","templated":true}]}}