{"id":7878,"date":"2020-10-07T10:01:57","date_gmt":"2020-10-07T13:01:57","guid":{"rendered":"https:\/\/www.todoeldia.com\/?p=7878"},"modified":"2020-10-07T10:01:58","modified_gmt":"2020-10-07T13:01:58","slug":"la-municipalidad-presento-el-programa-salta-en-bici","status":"publish","type":"post","link":"https:\/\/www.todoeldia.com\/index.php\/2020\/10\/07\/la-municipalidad-presento-el-programa-salta-en-bici\/","title":{"rendered":"La Municipalidad present\u00f3 el programa \u201cSalta en Bici\u201d"},"content":{"rendered":"\n<p>Incluye obras, un plan de est\u00edmulo fiscal para comerciantes, talleres de capacitaci\u00f3n y promoci\u00f3n de circuitos de cicloturismo, adem\u00e1s de campa\u00f1as de concientizaci\u00f3n sobre el uso de la bicicleta.<\/p>\n\n\n\n<p>Ante el contexto de la pandemia por Covid-19, y para continuar con la construcci\u00f3n de una ciudad, m\u00e1s segura, sustentable y amigable para todos, la intendenta de Salta, Bettina Romero present\u00f3 el programa de la Municipalidad \u201cSalta en Bici\u201d, para coordinar de forma integral las acciones de promoci\u00f3n para el uso seguro de la bicicleta.<\/p>\n\n\n\n<p>El mismo incluye el acompa\u00f1amiento de la ejecuci\u00f3n de obras de la red de ciclov\u00edas y su mantenimiento, un plan de est\u00edmulo fiscal para comerciantes del rubro, talleres de capacitaci\u00f3n para emprendedores bicicleteros, un plan de impulso al comercio bici amigable y promoci\u00f3n de circuitos de cicloturismo. Adem\u00e1s; campa\u00f1as para la convivencia en Movilidad Urbana, encuestas permanentes de usuarios y an\u00e1lisis de su impacto a trav\u00e9s del observatorio de la ciudad.<\/p>\n\n\n\n<p>&nbsp;\u201cEste programa unifica acciones claves para lograr una ciudad m\u00e1s sustentable y amigable. Somos aliados para construir una Salta m\u00e1s segura, porque los \u00edndices de accidentes viales son altos. Trabajamos con una mirada de fomento, con participaci\u00f3n ciudadana e impulsando el desarrollo econ\u00f3mico en este dif\u00edcil contexto que as\u00ed lo requiere\u201d, manifest\u00f3 la mandataria.<\/p>\n\n\n\n<p>El programa fue creado mediante la reglamentaci\u00f3n de la ordenanza N\u00ba 15.169, y tiene por objetivo realizar seguimiento de la ejecuci\u00f3n y el mantenimiento de obras y acciones, junto con las \u00e1reas de gobierno involucradas.<\/p>\n\n\n\n<p>\u201cEste desaf\u00edo que nos plantea este contexto lo enfrentamos promoviendo el uso de la bicicleta involucrando a todos los actores. Estamos retomando un gran plan que tenemos para esta ciudad, impulsando e instalando ciclov\u00edas\u201d, expres\u00f3, Mat\u00edas Hessling, subsecretario de Contenidos, Participaci\u00f3n Ciudadana y Asuntos Estrat\u00e9gicos.<\/p>\n\n\n\n<p>\u201cSalta en Bici\u201d, tambi\u00e9n busca desarrollar estrategias de educaci\u00f3n y seguridad vial enfocadas en los diferentes actores de la movilidad urbana. Adem\u00e1s, de promover el desarrollo econ\u00f3mico y comercial vinculado al uso de bicicletas y estrategias fiscales de fomento.<\/p>\n","protected":false},"excerpt":{"rendered":"<p>Incluye obras, un plan de est\u00edmulo fiscal para comerciantes, talleres de capacitaci\u00f3n y promoci\u00f3n de circuitos de cicloturismo, adem\u00e1s de campa\u00f1as de concientizaci\u00f3n sobre el uso de la bicicleta. Ante el contexto de la pandemia por Covid-19, y para continuar con la construcci\u00f3n de una ciudad, m\u00e1s segura, sustentable y amigable para todos, la intendenta [&hellip;]<\/p>\n","protected":false},"author":2,"featured_media":7879,"comment_status":"open","ping_status":"open","sticky":false,"template":"","format":"standard","meta":{"tdm_status":"","tdm_grid_status":"","_joinchat":[],"footnotes":""},"categories":[73],"tags":[],"class_list":{"0":"post-7878","1":"post","2":"type-post","3":"status-publish","4":"format-standard","5":"has-post-thumbnail","7":"category-noticias-general"},"amp_enabled":true,"_links":{"self":[{"href":"https:\/\/www.todoeldia.com\/index.php\/wp-json\/wp\/v2\/posts\/7878","targetHints":{"allow":["GET"]}}],"collection":[{"href":"https:\/\/www.todoeldia.com\/index.php\/wp-json\/wp\/v2\/posts"}],"about":[{"href":"https:\/\/www.todoeldia.com\/index.php\/wp-json\/wp\/v2\/types\/post"}],"author":[{"embeddable":true,"href":"https:\/\/www.todoeldia.com\/index.php\/wp-json\/wp\/v2\/users\/2"}],"replies":[{"embeddable":true,"href":"https:\/\/www.todoeldia.com\/index.php\/wp-json\/wp\/v2\/comments?post=7878"}],"version-history":[{"count":1,"href":"https:\/\/www.todoeldia.com\/index.php\/wp-json\/wp\/v2\/posts\/7878\/revisions"}],"predecessor-version":[{"id":7880,"href":"https:\/\/www.todoeldia.com\/index.php\/wp-json\/wp\/v2\/posts\/7878\/revisions\/7880"}],"wp:featuredmedia":[{"embeddable":true,"href":"https:\/\/www.todoeldia.com\/index.php\/wp-json\/wp\/v2\/media\/7879"}],"wp:attachment":[{"href":"https:\/\/www.todoeldia.com\/index.php\/wp-json\/wp\/v2\/media?parent=7878"}],"wp:term":[{"taxonomy":"category","embeddable":true,"href":"https:\/\/www.todoeldia.com\/index.php\/wp-json\/wp\/v2\/categories?post=7878"},{"taxonomy":"post_tag","embeddable":true,"href":"https:\/\/www.todoeldia.com\/index.php\/wp-json\/wp\/v2\/tags?post=7878"}],"curies":[{"name":"wp","href":"https:\/\/api.w.org\/{rel}","templated":true}]}}