{"id":7884,"date":"2020-10-07T10:12:39","date_gmt":"2020-10-07T13:12:39","guid":{"rendered":"https:\/\/www.todoeldia.com\/?p=7884"},"modified":"2020-10-07T10:12:40","modified_gmt":"2020-10-07T13:12:40","slug":"otra-vez-la-policia-imputaron-a-2-efectivos-que-pararon-a-un-camionero-en-la-ruta-lo-patearon-y-le-quebraron-la-nariz","status":"publish","type":"post","link":"https:\/\/www.todoeldia.com\/index.php\/2020\/10\/07\/otra-vez-la-policia-imputaron-a-2-efectivos-que-pararon-a-un-camionero-en-la-ruta-lo-patearon-y-le-quebraron-la-nariz\/","title":{"rendered":"Otra vez la Polic\u00eda: Imputaron a 2 efectivos que  pararon a un camionero en la ruta, lo patearon y le quebraron la nariz"},"content":{"rendered":"\n<p>La fiscal penal de Derechos Humanos, Ver\u00f3nica Simesen de Bielke, imput\u00f3 al sargento ayudante Julio C\u00e9sar Carrizo, de 43 a\u00f1os y al agente ayudante Israel Jos\u00e9 Escalante, de 25; ambos con revista en la Divisi\u00f3n Caminera, acusados del delito de vejaciones calificadas con lesiones leves. Durante la audiencia de imputaci\u00f3n realizada este martes, los acusados se abstuvieron de declarar.<\/p>\n\n\n\n<p>Del decreto de imputaci\u00f3n, surgi\u00f3 que&nbsp;el mi\u00e9rcoles 26 de septiembre de 2018, cerca de las 8:15, los efectivos policiales mencionados, a bordo del m\u00f3vil policial 1608, cometieron un exceso en sus funciones, sobre la ruta provincial 36, kil\u00f3metro 4, donde acometieron en contra de la integridad f\u00edsica de la v\u00edctima, a quien le causaron una quebradura con desviaci\u00f3n del tabique nasal y numerosas excoriaciones y contusiones, que fueron corroboradas por ex\u00e1menes m\u00e9dicos.<\/p>\n\n\n\n<p>La intervenci\u00f3n de la fiscal\u00eda se produjo tras la&nbsp;denuncia radicada por la propia v\u00edctima en la Oficina de Orientaci\u00f3n y Denuncia, en la que detall\u00f3 que en el d\u00eda y horario se\u00f1alados, conduc\u00eda su cami\u00f3n Chevrolet para transportar \u00e1ridos, por la ruta provincial 36, en direcci\u00f3n a Rosario Lerma.<\/p>\n\n\n\n<p>En el lugar, el patrullero con dos polic\u00edas que circulaba por detr\u00e1s, lo sobrepas\u00f3 y uno de ellos, le hizo se\u00f1as para que se detuviera en la banquina. All\u00ed le&nbsp;pidieron que exhibiera la documentaci\u00f3n necesaria para el transporte, las balizas y el matafuego.<\/p>\n\n\n\n<p>Luego,&nbsp;uno de los polic\u00edas inform\u00f3 al conductor que le labrar\u00eda una infracci\u00f3n por trasportar la carga sin estar cubierta con la lona protectora, a lo que el denunciante respondi\u00f3 que por favor, no le hiciera la multa y que solo quedara en un llamado de atenci\u00f3n.<\/p>\n\n\n\n<p>Tras esto, el conductor descendi\u00f3 del veh\u00edculo a colocar la lona, mientras el polic\u00eda continu\u00f3 labrando el acta.<\/p>\n\n\n\n<p>Minutos despu\u00e9s,&nbsp;pas\u00f3 otro cami\u00f3n con \u00e1ridos en sentido contrario, que fue detenido por el otro polic\u00eda. Al observar que este dejaba al otro conductor continuar la marcha, a pesar de la falta de lona protectora, el denunciante pregunt\u00f3 por qu\u00e9 solo lo multaban a \u00e9l&nbsp;y no al conductor del segundo cami\u00f3n.<\/p>\n\n\n\n<p>En ese momento,&nbsp;el polic\u00eda que dej\u00f3 continuar al otro veh\u00edculo, se acerc\u00f3 a la v\u00edctima y tras un intercambio de palabras, golpe\u00f3 al denunciante en el rostro.<\/p>\n\n\n\n<p>En su relato,&nbsp;el denunciante sostuvo que intent\u00f3 atinar una patada y que ambos polic\u00edas lo arrojaron al suelo, donde lo golpearon, patearon y cortaron la respiraci\u00f3n con una llave.<\/p>\n\n\n\n<p>Durante el episodio, lleg\u00f3 otro m\u00f3vil policial de la Comisar\u00eda de Campo Quijano, con una mujer polic\u00eda que les dijo a los agresores que pararan la golpiza.<\/p>\n\n\n\n<p>Entre los elementos obtenidos en la investigaci\u00f3n,&nbsp;la fiscal penal Ver\u00f3nica Simesen de Bielke, valor\u00f3 la denuncia del damnificado y las declaraciones de testigos; adem\u00e1s de los certificados m\u00e9dicos; el informe de relevancia, la copia del libro de guardia y la copia de la filmaci\u00f3n, entre otros, que dieron cuenta de la participaci\u00f3n punible de los imputados&nbsp;en los hechos expuestos.<\/p>\n","protected":false},"excerpt":{"rendered":"<p>La fiscal penal de Derechos Humanos, Ver\u00f3nica Simesen de Bielke, imput\u00f3 al sargento ayudante Julio C\u00e9sar Carrizo, de 43 a\u00f1os y al agente ayudante Israel Jos\u00e9 Escalante, de 25; ambos con revista en la Divisi\u00f3n Caminera, acusados del delito de vejaciones calificadas con lesiones leves. Durante la audiencia de imputaci\u00f3n realizada este martes, los acusados [&hellip;]<\/p>\n","protected":false},"author":2,"featured_media":7885,"comment_status":"open","ping_status":"open","sticky":false,"template":"","format":"standard","meta":{"tdm_status":"","tdm_grid_status":"","_joinchat":[],"footnotes":""},"categories":[63],"tags":[],"class_list":{"0":"post-7884","1":"post","2":"type-post","3":"status-publish","4":"format-standard","5":"has-post-thumbnail","7":"category-policiales"},"amp_enabled":true,"_links":{"self":[{"href":"https:\/\/www.todoeldia.com\/index.php\/wp-json\/wp\/v2\/posts\/7884","targetHints":{"allow":["GET"]}}],"collection":[{"href":"https:\/\/www.todoeldia.com\/index.php\/wp-json\/wp\/v2\/posts"}],"about":[{"href":"https:\/\/www.todoeldia.com\/index.php\/wp-json\/wp\/v2\/types\/post"}],"author":[{"embeddable":true,"href":"https:\/\/www.todoeldia.com\/index.php\/wp-json\/wp\/v2\/users\/2"}],"replies":[{"embeddable":true,"href":"https:\/\/www.todoeldia.com\/index.php\/wp-json\/wp\/v2\/comments?post=7884"}],"version-history":[{"count":1,"href":"https:\/\/www.todoeldia.com\/index.php\/wp-json\/wp\/v2\/posts\/7884\/revisions"}],"predecessor-version":[{"id":7886,"href":"https:\/\/www.todoeldia.com\/index.php\/wp-json\/wp\/v2\/posts\/7884\/revisions\/7886"}],"wp:featuredmedia":[{"embeddable":true,"href":"https:\/\/www.todoeldia.com\/index.php\/wp-json\/wp\/v2\/media\/7885"}],"wp:attachment":[{"href":"https:\/\/www.todoeldia.com\/index.php\/wp-json\/wp\/v2\/media?parent=7884"}],"wp:term":[{"taxonomy":"category","embeddable":true,"href":"https:\/\/www.todoeldia.com\/index.php\/wp-json\/wp\/v2\/categories?post=7884"},{"taxonomy":"post_tag","embeddable":true,"href":"https:\/\/www.todoeldia.com\/index.php\/wp-json\/wp\/v2\/tags?post=7884"}],"curies":[{"name":"wp","href":"https:\/\/api.w.org\/{rel}","templated":true}]}}