{"id":7968,"date":"2020-10-08T09:44:53","date_gmt":"2020-10-08T12:44:53","guid":{"rendered":"https:\/\/www.todoeldia.com\/?p=7968"},"modified":"2020-10-08T09:44:54","modified_gmt":"2020-10-08T12:44:54","slug":"militar-perdio-un-ojo-por-un-por-el-disparo-con-balas-de-goma-hecho-por-un-policia-desde-de-un-patrullero-en-norte-grande","status":"publish","type":"post","link":"https:\/\/www.todoeldia.com\/index.php\/2020\/10\/08\/militar-perdio-un-ojo-por-un-por-el-disparo-con-balas-de-goma-hecho-por-un-policia-desde-de-un-patrullero-en-norte-grande\/","title":{"rendered":"Militar perdi\u00f3 un ojo por un por el disparo con balas de goma hecho por un Polic\u00eda desde de un Patrullero en Norte Grande"},"content":{"rendered":"\n<p>La fiscal penal de Derechos Humanos, Ver\u00f3nica Simesen de Bielke, requiri\u00f3 ante el Juzgado de Garant\u00edas 8, la elevaci\u00f3n a juicio de la causa que tiene como imputados a polic\u00edas con revista en el Sector 6, acusados de los delitos de vejaciones calificadas y lesiones graves en concurso ideal, en perjuicio de N\u00e9stor Ram\u00f3n \u00c1valos.<\/p>\n\n\n\n<p>Las imputaciones recayeron sobre el&nbsp;sargento Mario Alberto Funes, de 41 a\u00f1os, acusado del delito de vejaciones calificadas y lesiones graves, en concurso ideal, en car\u00e1cter de autor.<\/p>\n\n\n\n<p>En tanto, el&nbsp;suboficial ayudante Luis Armando Quispe, de 37 a\u00f1os; el sargento ayudante Diego Alberto Cachi, de 41; el cabo V\u00edctor Fabi\u00e1n D\u00edaz, de 32 y agente Lucas Daniel Gonz\u00e1lez, de 34, fueron acusados del delito de vejaciones calificadas y lesiones graves, en car\u00e1cter de part\u00edcipes necesarios.<\/p>\n\n\n\n<p>Del decreto de imputaci\u00f3n surgi\u00f3 que&nbsp;la v\u00edctima, N\u00e9stor Ram\u00f3n \u00c1valos, de 25 a\u00f1os y miembro voluntario del Ej\u00e9rcito Argentino, result\u00f3 herido durante la noche pasado 29 de julio, en inmediaciones de una despensa ubicada en Barrio Norte Grande, cuando desde el interior del m\u00f3vil 1673 efectuaron un disparo de bala de goma con una escopeta, que impact\u00f3 en su ojo izquierdo.<\/p>\n\n\n\n<p>En sus fundamentos, la&nbsp;fiscal penal Ver\u00f3nica Simesen de Bielke,&nbsp;sostuvo que&nbsp;los acusados, mientras cumpl\u00edan su rol de efectivos policiales a bordo del m\u00f3vil mencionado, desempe\u00f1aron un acto de servicio con exceso de sus funciones, al acometer en contra de la integridad f\u00edsica del damnificado N\u00e9stor Ram\u00f3n \u00c1valos, mediante el uso arma de fuego.<\/p>\n\n\n\n<p>Adem\u00e1s, fue acreditado que&nbsp;luego de disparar y de ver que \u00c1valos result\u00f3 seriamente herido, los efectivos policiales se retiraron del lugar sin presentarle auxilio al denunciante, quien fue traslado por un vecino al hospital Papa Francisco y luego al San Bernardo, donde lo intervinieron quir\u00fargicamente tras sufrir el estallido total del ojo izquierdo.<\/p>\n","protected":false},"excerpt":{"rendered":"<p>La fiscal penal de Derechos Humanos, Ver\u00f3nica Simesen de Bielke, requiri\u00f3 ante el Juzgado de Garant\u00edas 8, la elevaci\u00f3n a juicio de la causa que tiene como imputados a polic\u00edas con revista en el Sector 6, acusados de los delitos de vejaciones calificadas y lesiones graves en concurso ideal, en perjuicio de N\u00e9stor Ram\u00f3n \u00c1valos. [&hellip;]<\/p>\n","protected":false},"author":2,"featured_media":7969,"comment_status":"open","ping_status":"open","sticky":false,"template":"","format":"standard","meta":{"tdm_status":"","tdm_grid_status":"","_joinchat":[],"footnotes":""},"categories":[63],"tags":[],"class_list":{"0":"post-7968","1":"post","2":"type-post","3":"status-publish","4":"format-standard","5":"has-post-thumbnail","7":"category-policiales"},"amp_enabled":true,"_links":{"self":[{"href":"https:\/\/www.todoeldia.com\/index.php\/wp-json\/wp\/v2\/posts\/7968","targetHints":{"allow":["GET"]}}],"collection":[{"href":"https:\/\/www.todoeldia.com\/index.php\/wp-json\/wp\/v2\/posts"}],"about":[{"href":"https:\/\/www.todoeldia.com\/index.php\/wp-json\/wp\/v2\/types\/post"}],"author":[{"embeddable":true,"href":"https:\/\/www.todoeldia.com\/index.php\/wp-json\/wp\/v2\/users\/2"}],"replies":[{"embeddable":true,"href":"https:\/\/www.todoeldia.com\/index.php\/wp-json\/wp\/v2\/comments?post=7968"}],"version-history":[{"count":1,"href":"https:\/\/www.todoeldia.com\/index.php\/wp-json\/wp\/v2\/posts\/7968\/revisions"}],"predecessor-version":[{"id":7970,"href":"https:\/\/www.todoeldia.com\/index.php\/wp-json\/wp\/v2\/posts\/7968\/revisions\/7970"}],"wp:featuredmedia":[{"embeddable":true,"href":"https:\/\/www.todoeldia.com\/index.php\/wp-json\/wp\/v2\/media\/7969"}],"wp:attachment":[{"href":"https:\/\/www.todoeldia.com\/index.php\/wp-json\/wp\/v2\/media?parent=7968"}],"wp:term":[{"taxonomy":"category","embeddable":true,"href":"https:\/\/www.todoeldia.com\/index.php\/wp-json\/wp\/v2\/categories?post=7968"},{"taxonomy":"post_tag","embeddable":true,"href":"https:\/\/www.todoeldia.com\/index.php\/wp-json\/wp\/v2\/tags?post=7968"}],"curies":[{"name":"wp","href":"https:\/\/api.w.org\/{rel}","templated":true}]}}