{"id":80173,"date":"2024-07-04T11:34:41","date_gmt":"2024-07-04T14:34:41","guid":{"rendered":"https:\/\/www.todoeldia.com\/?p=80173"},"modified":"2024-07-04T11:34:42","modified_gmt":"2024-07-04T14:34:42","slug":"frio-y-mas-frio-polar-se-vienen-dias-con-temperaturas-bajo-cero-en-salta","status":"publish","type":"post","link":"https:\/\/www.todoeldia.com\/index.php\/2024\/07\/04\/frio-y-mas-frio-polar-se-vienen-dias-con-temperaturas-bajo-cero-en-salta\/","title":{"rendered":"Fr\u00edo y m\u00e1s fr\u00edo polar: se vienen d\u00edas con temperaturas bajo cero en Salta"},"content":{"rendered":"\n<p>Una masa de aire fr\u00edo del sur del pa\u00eds avanza hacia el centro y norte de la Argentina, lo que originar\u00e1 hasta la semana pr\u00f3xima que tendremos los d\u00edas m\u00e1s fr\u00edos del a\u00f1o.<\/p>\n\n\n\n<p>Para Salta est\u00e1n pronosticadas muy bajas temperaturas que har\u00e1n descender la sensaci\u00f3n t\u00e9rmica unos cuantos grados bajo cero.<\/p>\n\n\n\n<p>La ma\u00f1ana de este jueves amaneci\u00f3 con una temperatura m\u00ednima que baj\u00f3 hasta los 6 grados y se prev\u00e9 que para el resto del d\u00eda se alcance una m\u00e1xima de 16 grados. Pero lo que ocurri\u00f3 en la ma\u00f1ana de este jueves es cuasi veraniego en comparaci\u00f3n de lo que se viene para los pr\u00f3ximos 10 d\u00edas.<\/p>\n\n\n\n<p><\/p>\n\n\n\n<figure class=\"wp-block-image size-large\"><img loading=\"lazy\" decoding=\"async\" width=\"1024\" height=\"349\" src=\"https:\/\/www.todoeldia.com\/wp-content\/uploads\/2024\/07\/image-21-1024x349.png\" alt=\"\" class=\"wp-image-80174\" srcset=\"https:\/\/www.todoeldia.com\/wp-content\/uploads\/2024\/07\/image-21-1024x349.png 1024w, https:\/\/www.todoeldia.com\/wp-content\/uploads\/2024\/07\/image-21-300x102.png 300w, https:\/\/www.todoeldia.com\/wp-content\/uploads\/2024\/07\/image-21-768x262.png 768w, https:\/\/www.todoeldia.com\/wp-content\/uploads\/2024\/07\/image-21-696x237.png 696w, https:\/\/www.todoeldia.com\/wp-content\/uploads\/2024\/07\/image-21-1068x364.png 1068w, https:\/\/www.todoeldia.com\/wp-content\/uploads\/2024\/07\/image-21.png 1076w\" sizes=\"auto, (max-width: 1024px) 100vw, 1024px\" \/><\/figure>\n","protected":false},"excerpt":{"rendered":"<p>Una masa de aire fr\u00edo del sur del pa\u00eds avanza hacia el centro y norte de la Argentina, lo que originar\u00e1 hasta la semana pr\u00f3xima que tendremos los d\u00edas m\u00e1s fr\u00edos del a\u00f1o. Para Salta est\u00e1n pronosticadas muy bajas temperaturas que har\u00e1n descender la sensaci\u00f3n t\u00e9rmica unos cuantos grados bajo cero. La ma\u00f1ana de este [&hellip;]<\/p>\n","protected":false},"author":2,"featured_media":59182,"comment_status":"open","ping_status":"open","sticky":false,"template":"","format":"standard","meta":{"tdm_status":"","tdm_grid_status":"","_joinchat":[],"footnotes":""},"categories":[73],"tags":[],"class_list":{"0":"post-80173","1":"post","2":"type-post","3":"status-publish","4":"format-standard","5":"has-post-thumbnail","7":"category-noticias-general"},"amp_enabled":true,"_links":{"self":[{"href":"https:\/\/www.todoeldia.com\/index.php\/wp-json\/wp\/v2\/posts\/80173","targetHints":{"allow":["GET"]}}],"collection":[{"href":"https:\/\/www.todoeldia.com\/index.php\/wp-json\/wp\/v2\/posts"}],"about":[{"href":"https:\/\/www.todoeldia.com\/index.php\/wp-json\/wp\/v2\/types\/post"}],"author":[{"embeddable":true,"href":"https:\/\/www.todoeldia.com\/index.php\/wp-json\/wp\/v2\/users\/2"}],"replies":[{"embeddable":true,"href":"https:\/\/www.todoeldia.com\/index.php\/wp-json\/wp\/v2\/comments?post=80173"}],"version-history":[{"count":1,"href":"https:\/\/www.todoeldia.com\/index.php\/wp-json\/wp\/v2\/posts\/80173\/revisions"}],"predecessor-version":[{"id":80175,"href":"https:\/\/www.todoeldia.com\/index.php\/wp-json\/wp\/v2\/posts\/80173\/revisions\/80175"}],"wp:featuredmedia":[{"embeddable":true,"href":"https:\/\/www.todoeldia.com\/index.php\/wp-json\/wp\/v2\/media\/59182"}],"wp:attachment":[{"href":"https:\/\/www.todoeldia.com\/index.php\/wp-json\/wp\/v2\/media?parent=80173"}],"wp:term":[{"taxonomy":"category","embeddable":true,"href":"https:\/\/www.todoeldia.com\/index.php\/wp-json\/wp\/v2\/categories?post=80173"},{"taxonomy":"post_tag","embeddable":true,"href":"https:\/\/www.todoeldia.com\/index.php\/wp-json\/wp\/v2\/tags?post=80173"}],"curies":[{"name":"wp","href":"https:\/\/api.w.org\/{rel}","templated":true}]}}