{"id":80183,"date":"2024-07-04T12:07:10","date_gmt":"2024-07-04T15:07:10","guid":{"rendered":"https:\/\/www.todoeldia.com\/?p=80183"},"modified":"2024-07-04T12:07:11","modified_gmt":"2024-07-04T15:07:11","slug":"detuvieron-a-un-hombre-armado-en-la-zona-del-acto-que-javier-milei-encabezo-en-san-juan","status":"publish","type":"post","link":"https:\/\/www.todoeldia.com\/index.php\/2024\/07\/04\/detuvieron-a-un-hombre-armado-en-la-zona-del-acto-que-javier-milei-encabezo-en-san-juan\/","title":{"rendered":"Detuvieron a un hombre armado en la zona del acto que Javier Milei encabez\u00f3 en San Juan"},"content":{"rendered":"\n<p>El Presidente se present\u00f3 en la Casa de Sarmiento y, minutos antes de que comenzar\u00e1 el evento, los efectivos de seguridad apresaron a un ex polic\u00eda que ten\u00eda una pistola 9mm<\/p>\n\n\n\n<p>El presidente Javier Milei viaj\u00f3 a la provincia de de San Juan para presentar el Plan Nacional de Alfabetizaci\u00f3n, pero la noticia fue que minutos antes del acto se produjo un episodio que provoc\u00f3 inquietud en los organizadores y las autoridades.<\/p>\n\n\n\n<figure class=\"wp-block-image size-full is-resized\"><img loading=\"lazy\" decoding=\"async\" width=\"709\" height=\"394\" src=\"https:\/\/www.todoeldia.com\/wp-content\/uploads\/2024\/07\/image-23.png\" alt=\"\" class=\"wp-image-80185\" style=\"width:1068px;height:auto\" srcset=\"https:\/\/www.todoeldia.com\/wp-content\/uploads\/2024\/07\/image-23.png 709w, https:\/\/www.todoeldia.com\/wp-content\/uploads\/2024\/07\/image-23-300x167.png 300w, https:\/\/www.todoeldia.com\/wp-content\/uploads\/2024\/07\/image-23-696x387.png 696w\" sizes=\"auto, (max-width: 709px) 100vw, 709px\" \/><\/figure>\n\n\n\n<p><strong>El presidente Javier Milei junto a Marcelo Orrego, gobernador de San Juan<\/strong><\/p>\n\n\n\n<p>Un hombre fue detenido a metros de la Casa de Sarmiento -donde se iba a realizar el evento- antes del arribo del jefe de Estado. La noticia fue confirmada a Infobae por el secretario de Seguridad provincial, Gustavo S\u00e1nchez, quien en di\u00e1logo con los medios locales dio m\u00e1s detalles: \u201cEn un ret\u00e9n encontraron a una persona con una pistola 9 mil\u00edmetros, con cargador y proyectiles, apta para el disparo\u201d.<\/p>\n\n\n\n<p>El detenido inicialmente se identific\u00f3 como integrante de una fuerza policial federal, pero los encargados de la seguridad sospecharon. \u201cHubo oposici\u00f3n a la aprehensi\u00f3n, pero ya est\u00e1 detenido. Esta persona no pose\u00eda documentaci\u00f3n que justificara la tenencia del arma. Se ha puesto en conocimiento a las UFI correspondientes para que tomen intervenci\u00f3n y procedan judicialmente\u201d, agreg\u00f3 S\u00e1nchez en declaraciones que reproduce el diario Zonda.<\/p>\n","protected":false},"excerpt":{"rendered":"<p>El Presidente se present\u00f3 en la Casa de Sarmiento y, minutos antes de que comenzar\u00e1 el evento, los efectivos de seguridad apresaron a un ex polic\u00eda que ten\u00eda una pistola 9mm El presidente Javier Milei viaj\u00f3 a la provincia de de San Juan para presentar el Plan Nacional de Alfabetizaci\u00f3n, pero la noticia fue que [&hellip;]<\/p>\n","protected":false},"author":2,"featured_media":80184,"comment_status":"open","ping_status":"open","sticky":false,"template":"","format":"standard","meta":{"tdm_status":"","tdm_grid_status":"","_joinchat":[],"footnotes":""},"categories":[63],"tags":[],"class_list":{"0":"post-80183","1":"post","2":"type-post","3":"status-publish","4":"format-standard","5":"has-post-thumbnail","7":"category-policiales"},"amp_enabled":true,"_links":{"self":[{"href":"https:\/\/www.todoeldia.com\/index.php\/wp-json\/wp\/v2\/posts\/80183","targetHints":{"allow":["GET"]}}],"collection":[{"href":"https:\/\/www.todoeldia.com\/index.php\/wp-json\/wp\/v2\/posts"}],"about":[{"href":"https:\/\/www.todoeldia.com\/index.php\/wp-json\/wp\/v2\/types\/post"}],"author":[{"embeddable":true,"href":"https:\/\/www.todoeldia.com\/index.php\/wp-json\/wp\/v2\/users\/2"}],"replies":[{"embeddable":true,"href":"https:\/\/www.todoeldia.com\/index.php\/wp-json\/wp\/v2\/comments?post=80183"}],"version-history":[{"count":1,"href":"https:\/\/www.todoeldia.com\/index.php\/wp-json\/wp\/v2\/posts\/80183\/revisions"}],"predecessor-version":[{"id":80186,"href":"https:\/\/www.todoeldia.com\/index.php\/wp-json\/wp\/v2\/posts\/80183\/revisions\/80186"}],"wp:featuredmedia":[{"embeddable":true,"href":"https:\/\/www.todoeldia.com\/index.php\/wp-json\/wp\/v2\/media\/80184"}],"wp:attachment":[{"href":"https:\/\/www.todoeldia.com\/index.php\/wp-json\/wp\/v2\/media?parent=80183"}],"wp:term":[{"taxonomy":"category","embeddable":true,"href":"https:\/\/www.todoeldia.com\/index.php\/wp-json\/wp\/v2\/categories?post=80183"},{"taxonomy":"post_tag","embeddable":true,"href":"https:\/\/www.todoeldia.com\/index.php\/wp-json\/wp\/v2\/tags?post=80183"}],"curies":[{"name":"wp","href":"https:\/\/api.w.org\/{rel}","templated":true}]}}