{"id":80903,"date":"2024-07-19T13:24:43","date_gmt":"2024-07-19T16:24:43","guid":{"rendered":"https:\/\/www.todoeldia.com\/?p=80903"},"modified":"2024-07-19T13:31:50","modified_gmt":"2024-07-19T16:31:50","slug":"en-corrientes-otorgaron-un-certificado-de-discapacidad-con-la-radiografia-de-un-perro","status":"publish","type":"post","link":"https:\/\/www.todoeldia.com\/index.php\/2024\/07\/19\/en-corrientes-otorgaron-un-certificado-de-discapacidad-con-la-radiografia-de-un-perro\/","title":{"rendered":"En Corrientes otorgaron un certificado de discapacidad con la radiograf\u00eda de un perro"},"content":{"rendered":"\n<p>Una auditor\u00eda de la Agencia Nacional de Discapacidad (ANDIS), a cargo de Diego Spagnuolo, y que es investigada por el fiscal federal Guillermo Marijuan, detecto \u201cun esquema de corrupci\u00f3n\u201d a trav\u00e9s del cual se otorgaron pensiones por discapacidad \u201ctruchas\u201d. Entre los miles de legajos analizados por un equipo m\u00e9dico detect\u00f3 que, por ejemplo, que gestion\u00f3 el organismo autoriz\u00f3 una pensi\u00f3n con la radiograf\u00eda de un perro.<\/p>\n\n\n\n<p>Seg\u00fan la informaci\u00f3n que transmiti\u00f3 el vocero presidencia Manuel Adorni, \u201cen 2022, un m\u00e9dico correntino -por supuesto est\u00e1 de m\u00e1s decirles de dudosa \u00e9tica profesional- adjunt\u00f3 al certificado que hizo para la obtenci\u00f3n de una pensi\u00f3n por un trastorno de disco-lumbar e hipertensi\u00f3n la radiograf\u00eda de un perro\u201d.<\/p>\n\n\n\n<figure class=\"wp-block-image size-full is-resized\"><img loading=\"lazy\" decoding=\"async\" width=\"992\" height=\"850\" src=\"https:\/\/www.todoeldia.com\/wp-content\/uploads\/2024\/07\/image-131.png\" alt=\"\" class=\"wp-image-80905\" style=\"width:1068px;height:auto\" srcset=\"https:\/\/www.todoeldia.com\/wp-content\/uploads\/2024\/07\/image-131.png 992w, https:\/\/www.todoeldia.com\/wp-content\/uploads\/2024\/07\/image-131-300x257.png 300w, https:\/\/www.todoeldia.com\/wp-content\/uploads\/2024\/07\/image-131-768x658.png 768w, https:\/\/www.todoeldia.com\/wp-content\/uploads\/2024\/07\/image-131-490x420.png 490w, https:\/\/www.todoeldia.com\/wp-content\/uploads\/2024\/07\/image-131-696x596.png 696w\" sizes=\"auto, (max-width: 992px) 100vw, 992px\" \/><\/figure>\n\n\n\n<p><strong>El funcionario mostr\u00f3 la radiograf\u00eda en la conferencia de prensa matutina en Casa Rosada<\/strong><\/p>\n\n\n\n<p>El vocero mostr\u00f3 en la conferencia de prensa la imagen: \u201cVean la radiograf\u00eda del perro que se us\u00f3 para que otorgaran la pensi\u00f3n tiene la cola del perrito. Con esto otorgaron una pensi\u00f3n por invalidez\u201d.<\/p>\n\n\n\n<p>En su conferencia diaria, desde la Casa Rosada el funcionario agreg\u00f3: \u201cLo que suena incre\u00edble -porque uno puede confundir cualquier cosa- es la cola del perrito. \u00bfQu\u00e9 se pensaban que era la cola del perrito? \u00bfQu\u00e9 era la cola? Este era el nivel de descontrol que hab\u00eda en las pensiones por discapacidad\u201d, afirm\u00f3.<\/p>\n\n\n\n<p>Las auditor\u00edas revelaron que hab\u00eda expedientes en los que se otorg\u00f3 una pensi\u00f3n por invalidez laboral con la radiograf\u00eda de un perro. \u201cEl desv\u00edo de fondos fue de un 40% sobre el monto anual destinado a pensiones no contributivas por discapacidad\u201d, sostienen desde la ANDIS ante una consulta de este medio y estimaron el dolo para el Estado en uno 3.400 millones de d\u00f3lares anuales.<\/p>\n\n\n\n<p>En otros expedientes tambi\u00e9n se detect\u00f3 la radiograf\u00eda de un mismo hombro fracturado en 157 expedientes. \u201cTenemos radiograf\u00edas bajadas directamente de Google. Tambi\u00e9n tenemos constancias de an\u00e1lisis de laboratorios repetidos y hasta un certificado m\u00e9dico que acredita la supuesta dolencia del paciente que en teor\u00eda no pod\u00eda trabajar por una incapacidad grave, que, en vez de describir la dolencia de la persona, reprodujo un poema de Arias Uriburu titulado \u2018la Herida\u2019. Ese es el diagn\u00f3stico m\u00e9dico que justificaba la documentaci\u00f3n m\u00e9dica para el pedido de la pensi\u00f3n por invalidez\u201d, describi\u00f3 un funcionario.<\/p>\n\n\n\n<p>Seg\u00fan los datos oficiales, entre 2003 y 2015, es decir los gobiernos de N\u00e9stor Kirchner y Cristina Fern\u00e1ndez de Kirchner la cantidad de Pensiones no Contributivas por Invalidez Laboral pas\u00f3 de 80.000 a 1.050.000, \u201cun n\u00famero sin precedentes incluso en pa\u00edses que han sufrido guerras mundiales\u201d, opinan desde la Casa Rosada. El valor actual de la pensi\u00f3n es de $203.100. Durante el gobierno de Mauricio Macri la cifra se mantuvo constante -ver gr\u00e1fico- pero durante la presidencia de Alberto Fern\u00e1ndez, la cifra de beneficiarios volvi\u00f3 a ascender hasta las 1.250.000 pensiones al 10 de diciembre de 2023.<\/p>\n","protected":false},"excerpt":{"rendered":"<p>Una auditor\u00eda de la Agencia Nacional de Discapacidad (ANDIS), a cargo de Diego Spagnuolo, y que es investigada por el fiscal federal Guillermo Marijuan, detecto \u201cun esquema de corrupci\u00f3n\u201d a trav\u00e9s del cual se otorgaron pensiones por discapacidad \u201ctruchas\u201d. Entre los miles de legajos analizados por un equipo m\u00e9dico detect\u00f3 que, por ejemplo, que gestion\u00f3 [&hellip;]<\/p>\n","protected":false},"author":2,"featured_media":80904,"comment_status":"open","ping_status":"open","sticky":false,"template":"","format":"standard","meta":{"tdm_status":"","tdm_grid_status":"","_joinchat":[],"footnotes":""},"categories":[73],"tags":[],"class_list":{"0":"post-80903","1":"post","2":"type-post","3":"status-publish","4":"format-standard","5":"has-post-thumbnail","7":"category-noticias-general"},"amp_enabled":true,"_links":{"self":[{"href":"https:\/\/www.todoeldia.com\/index.php\/wp-json\/wp\/v2\/posts\/80903","targetHints":{"allow":["GET"]}}],"collection":[{"href":"https:\/\/www.todoeldia.com\/index.php\/wp-json\/wp\/v2\/posts"}],"about":[{"href":"https:\/\/www.todoeldia.com\/index.php\/wp-json\/wp\/v2\/types\/post"}],"author":[{"embeddable":true,"href":"https:\/\/www.todoeldia.com\/index.php\/wp-json\/wp\/v2\/users\/2"}],"replies":[{"embeddable":true,"href":"https:\/\/www.todoeldia.com\/index.php\/wp-json\/wp\/v2\/comments?post=80903"}],"version-history":[{"count":1,"href":"https:\/\/www.todoeldia.com\/index.php\/wp-json\/wp\/v2\/posts\/80903\/revisions"}],"predecessor-version":[{"id":80906,"href":"https:\/\/www.todoeldia.com\/index.php\/wp-json\/wp\/v2\/posts\/80903\/revisions\/80906"}],"wp:featuredmedia":[{"embeddable":true,"href":"https:\/\/www.todoeldia.com\/index.php\/wp-json\/wp\/v2\/media\/80904"}],"wp:attachment":[{"href":"https:\/\/www.todoeldia.com\/index.php\/wp-json\/wp\/v2\/media?parent=80903"}],"wp:term":[{"taxonomy":"category","embeddable":true,"href":"https:\/\/www.todoeldia.com\/index.php\/wp-json\/wp\/v2\/categories?post=80903"},{"taxonomy":"post_tag","embeddable":true,"href":"https:\/\/www.todoeldia.com\/index.php\/wp-json\/wp\/v2\/tags?post=80903"}],"curies":[{"name":"wp","href":"https:\/\/api.w.org\/{rel}","templated":true}]}}