{"id":80907,"date":"2024-07-19T13:35:59","date_gmt":"2024-07-19T16:35:59","guid":{"rendered":"https:\/\/www.todoeldia.com\/?p=80907"},"modified":"2024-07-19T13:37:05","modified_gmt":"2024-07-19T16:37:05","slug":"joven-adicto-condenado-por-agredir-a-sus-padres-denuncio-que-en-el-penal-venden-drogas","status":"publish","type":"post","link":"https:\/\/www.todoeldia.com\/index.php\/2024\/07\/19\/joven-adicto-condenado-por-agredir-a-sus-padres-denuncio-que-en-el-penal-venden-drogas\/","title":{"rendered":"Joven adicto condenado por agredir a sus padres, denuncio que en la carcel venden drogas"},"content":{"rendered":"\n<p>Los hechos que llevaron a la condena ocurrieron entre mayo y junio de 2024, cuando el acusado, bajo los efectos de sustancias, amenaz\u00f3 y agredi\u00f3 a sus padres, incluso rompiendo ventanas y profiriendo amenazas de muerte. Las v\u00edctimas, aunque inicialmente renuentes a denunciar, finalmente buscaron ayuda judicial debido a la peligrosidad del acusado bajo la influencia de drogas.<\/p>\n\n\n\n<p>En un juicio abreviado, un hombre fue sentenciado a seis meses de prisi\u00f3n efectiva tras ser hallado culpable de varios delitos, incluyendo amenazas y violaci\u00f3n de domicilio. El tribunal tambi\u00e9n orden\u00f3 tratamiento para sus adicciones.<\/p>\n\n\n\n<p><\/p>\n\n\n\n<p>Se llev\u00f3 a cabo una audiencia flexible y multiprop\u00f3sito fijada en el marco del plan piloto de oralidad en el Juzgado de Garant\u00edas 4. La causa involucraba a un hombre acusado de desobediencia judicial y otros delitos en perjuicio de sus padres.<\/p>\n\n\n\n<p>Durante la audiencia, la fiscal\u00eda y la defensa del acusado acordaron un juicio abreviado. El acusado fue imputado por los delitos de amenaza, violaci\u00f3n de domicilio, da\u00f1os, y desobediencia judicial, en concurso real. El acusado acept\u00f3 los cargos y el acuerdo, manifestando su deseo de recibir tratamiento en el Programa TAPLI para sus adicciones. En ese momento el acusado denunci\u00f3 que en la c\u00e1rcel se distribu\u00edan estupefacientes, lo que fue puesto en conocimiento de la UFINAR para su investigaci\u00f3n.<\/p>\n\n\n\n<p>El juez Diego Rodr\u00edguez Pipino, tras escuchar a las partes y a las v\u00edctimas, declar\u00f3 procedente el acuerdo de juicio abreviado y conden\u00f3 al acusado a seis meses de prisi\u00f3n efectiva, adem\u00e1s de ordenar un diagn\u00f3stico y tratamiento psicol\u00f3gico para sus adicciones. Tambi\u00e9n lo declar\u00f3 reincidente por primera vez.<\/p>\n\n\n\n<figure class=\"wp-block-image size-full is-resized\"><img loading=\"lazy\" decoding=\"async\" width=\"976\" height=\"600\" src=\"https:\/\/www.todoeldia.com\/wp-content\/uploads\/2021\/05\/penal-villa-las-rosas.jpg\" alt=\"\" class=\"wp-image-22405\" style=\"width:1068px;height:auto\" srcset=\"https:\/\/www.todoeldia.com\/wp-content\/uploads\/2021\/05\/penal-villa-las-rosas.jpg 976w, https:\/\/www.todoeldia.com\/wp-content\/uploads\/2021\/05\/penal-villa-las-rosas-300x184.jpg 300w, https:\/\/www.todoeldia.com\/wp-content\/uploads\/2021\/05\/penal-villa-las-rosas-768x472.jpg 768w, https:\/\/www.todoeldia.com\/wp-content\/uploads\/2021\/05\/penal-villa-las-rosas-696x428.jpg 696w, https:\/\/www.todoeldia.com\/wp-content\/uploads\/2021\/05\/penal-villa-las-rosas-683x420.jpg 683w, https:\/\/www.todoeldia.com\/wp-content\/uploads\/2021\/05\/penal-villa-las-rosas-356x220.jpg 356w\" sizes=\"auto, (max-width: 976px) 100vw, 976px\" \/><\/figure>\n","protected":false},"excerpt":{"rendered":"<p>Los hechos que llevaron a la condena ocurrieron entre mayo y junio de 2024, cuando el acusado, bajo los efectos de sustancias, amenaz\u00f3 y agredi\u00f3 a sus padres, incluso rompiendo ventanas y profiriendo amenazas de muerte. Las v\u00edctimas, aunque inicialmente renuentes a denunciar, finalmente buscaron ayuda judicial debido a la peligrosidad del acusado bajo la [&hellip;]<\/p>\n","protected":false},"author":2,"featured_media":17117,"comment_status":"open","ping_status":"open","sticky":false,"template":"","format":"standard","meta":{"tdm_status":"","tdm_grid_status":"","_joinchat":[],"footnotes":""},"categories":[63],"tags":[],"class_list":{"0":"post-80907","1":"post","2":"type-post","3":"status-publish","4":"format-standard","5":"has-post-thumbnail","7":"category-policiales"},"amp_enabled":true,"_links":{"self":[{"href":"https:\/\/www.todoeldia.com\/index.php\/wp-json\/wp\/v2\/posts\/80907","targetHints":{"allow":["GET"]}}],"collection":[{"href":"https:\/\/www.todoeldia.com\/index.php\/wp-json\/wp\/v2\/posts"}],"about":[{"href":"https:\/\/www.todoeldia.com\/index.php\/wp-json\/wp\/v2\/types\/post"}],"author":[{"embeddable":true,"href":"https:\/\/www.todoeldia.com\/index.php\/wp-json\/wp\/v2\/users\/2"}],"replies":[{"embeddable":true,"href":"https:\/\/www.todoeldia.com\/index.php\/wp-json\/wp\/v2\/comments?post=80907"}],"version-history":[{"count":2,"href":"https:\/\/www.todoeldia.com\/index.php\/wp-json\/wp\/v2\/posts\/80907\/revisions"}],"predecessor-version":[{"id":80909,"href":"https:\/\/www.todoeldia.com\/index.php\/wp-json\/wp\/v2\/posts\/80907\/revisions\/80909"}],"wp:featuredmedia":[{"embeddable":true,"href":"https:\/\/www.todoeldia.com\/index.php\/wp-json\/wp\/v2\/media\/17117"}],"wp:attachment":[{"href":"https:\/\/www.todoeldia.com\/index.php\/wp-json\/wp\/v2\/media?parent=80907"}],"wp:term":[{"taxonomy":"category","embeddable":true,"href":"https:\/\/www.todoeldia.com\/index.php\/wp-json\/wp\/v2\/categories?post=80907"},{"taxonomy":"post_tag","embeddable":true,"href":"https:\/\/www.todoeldia.com\/index.php\/wp-json\/wp\/v2\/tags?post=80907"}],"curies":[{"name":"wp","href":"https:\/\/api.w.org\/{rel}","templated":true}]}}