{"id":80911,"date":"2024-07-19T18:04:43","date_gmt":"2024-07-19T21:04:43","guid":{"rendered":"https:\/\/www.todoeldia.com\/?p=80911"},"modified":"2024-07-19T18:12:10","modified_gmt":"2024-07-19T21:12:10","slug":"todo-era-una-farsa-una-joven-fingio-un-secuestro-y-privacion-ilegitima-de-la-libertad-en-el-centro-de-oran","status":"publish","type":"post","link":"https:\/\/www.todoeldia.com\/index.php\/2024\/07\/19\/todo-era-una-farsa-una-joven-fingio-un-secuestro-y-privacion-ilegitima-de-la-libertad-en-el-centro-de-oran\/","title":{"rendered":"\u00a1Todo era una farsa! Una joven fingi\u00f3 un secuestro y privaci\u00f3n ileg\u00edtima de la libertad en el centro de Or\u00e1n"},"content":{"rendered":"\n<p>La presentaci\u00f3n en la comisar\u00eda se hizo el pasado lunes. La madre de la menor solicit\u00f3 concluir la investigaci\u00f3n.<\/p>\n\n\n\n<p>La fiscal penal 2 de Or\u00e1n, Mariana Torres, desestim\u00f3 una denuncia por privaci\u00f3n ileg\u00edtima de la libertad que involucraba a una menor de 18 a\u00f1os, radicada el pasado 15 de julio.<\/p>\n\n\n\n<p>Inmediatamente tomado conocimiento, la Fiscal solicit\u00f3 el trabajo de la Brigada de Investigaciones y el an\u00e1lisis de c\u00e1maras de seguridad, que arrojaron resultado negativo.<\/p>\n\n\n\n<p>Ayer, la madre de la menor se present\u00f3 ante la Fiscal\u00eda solicitando concluir la investigaci\u00f3n, ya que su hija afirm\u00f3 que los hechos denunciados no ocurrieron y el informe m\u00e9dico indic\u00f3 ausencia de agresiones f\u00edsicas.<\/p>\n\n\n\n<p>Con esta informaci\u00f3n y la solicitud expresa de la denunciante, la fiscal Mariana Torres decidi\u00f3 desestimar la denuncia y dar por concluido el caso.<\/p>\n","protected":false},"excerpt":{"rendered":"<p>La presentaci\u00f3n en la comisar\u00eda se hizo el pasado lunes. La madre de la menor solicit\u00f3 concluir la investigaci\u00f3n. La fiscal penal 2 de Or\u00e1n, Mariana Torres, desestim\u00f3 una denuncia por privaci\u00f3n ileg\u00edtima de la libertad que involucraba a una menor de 18 a\u00f1os, radicada el pasado 15 de julio. Inmediatamente tomado conocimiento, la Fiscal [&hellip;]<\/p>\n","protected":false},"author":2,"featured_media":3503,"comment_status":"open","ping_status":"open","sticky":false,"template":"","format":"standard","meta":{"tdm_status":"","tdm_grid_status":"","_joinchat":[],"footnotes":""},"categories":[63],"tags":[],"class_list":{"0":"post-80911","1":"post","2":"type-post","3":"status-publish","4":"format-standard","5":"has-post-thumbnail","7":"category-policiales"},"amp_enabled":true,"_links":{"self":[{"href":"https:\/\/www.todoeldia.com\/index.php\/wp-json\/wp\/v2\/posts\/80911","targetHints":{"allow":["GET"]}}],"collection":[{"href":"https:\/\/www.todoeldia.com\/index.php\/wp-json\/wp\/v2\/posts"}],"about":[{"href":"https:\/\/www.todoeldia.com\/index.php\/wp-json\/wp\/v2\/types\/post"}],"author":[{"embeddable":true,"href":"https:\/\/www.todoeldia.com\/index.php\/wp-json\/wp\/v2\/users\/2"}],"replies":[{"embeddable":true,"href":"https:\/\/www.todoeldia.com\/index.php\/wp-json\/wp\/v2\/comments?post=80911"}],"version-history":[{"count":1,"href":"https:\/\/www.todoeldia.com\/index.php\/wp-json\/wp\/v2\/posts\/80911\/revisions"}],"predecessor-version":[{"id":80912,"href":"https:\/\/www.todoeldia.com\/index.php\/wp-json\/wp\/v2\/posts\/80911\/revisions\/80912"}],"wp:featuredmedia":[{"embeddable":true,"href":"https:\/\/www.todoeldia.com\/index.php\/wp-json\/wp\/v2\/media\/3503"}],"wp:attachment":[{"href":"https:\/\/www.todoeldia.com\/index.php\/wp-json\/wp\/v2\/media?parent=80911"}],"wp:term":[{"taxonomy":"category","embeddable":true,"href":"https:\/\/www.todoeldia.com\/index.php\/wp-json\/wp\/v2\/categories?post=80911"},{"taxonomy":"post_tag","embeddable":true,"href":"https:\/\/www.todoeldia.com\/index.php\/wp-json\/wp\/v2\/tags?post=80911"}],"curies":[{"name":"wp","href":"https:\/\/api.w.org\/{rel}","templated":true}]}}