{"id":8111,"date":"2020-10-09T15:03:24","date_gmt":"2020-10-09T18:03:24","guid":{"rendered":"https:\/\/www.todoeldia.com\/?p=8111"},"modified":"2020-10-09T15:03:25","modified_gmt":"2020-10-09T18:03:25","slug":"otra-vez-los-excesos-vejaciones-y-allanamiento-ilegal-imputaron-a-policias-de-seguridad-urbana","status":"publish","type":"post","link":"https:\/\/www.todoeldia.com\/index.php\/2020\/10\/09\/otra-vez-los-excesos-vejaciones-y-allanamiento-ilegal-imputaron-a-policias-de-seguridad-urbana\/","title":{"rendered":"Otra vez los excesos: vejaciones y allanamiento ilegal, imputaron a polic\u00edas de Seguridad Urbana"},"content":{"rendered":"\n<p>La fiscal penal de Derechos Humanos, Ver\u00f3nica Simesen de Bielke, imput\u00f3 a los efectivos policiales sargento ayudante R\u00f3mulo Segovia, sargento Pablo Exequiel Toledo y cabo V\u00edctor Cruz, todos con revista en la Divisi\u00f3n Seguridad Urbana, acusados del delito de vejaciones calificadas con allanamiento ilegal, privaci\u00f3n ileg\u00edtima de la libertad y falsedad ideol\u00f3gica, todo en concurso real.<\/p>\n\n\n\n<p>Del decreto de imputaci\u00f3n se desprendi\u00f3 que los acusados, el 9 de enero pasado, cerca de las 9, a bordo del m\u00f3vil policial 1829&nbsp;y mientras deb\u00edan desempe\u00f1ar un acto de servicio,&nbsp;cometieron un exceso de sus funciones al arremeter contra de la integridad f\u00edsica del denunciante y v\u00edctima, a quien le causaron lesiones en distintas partes del cuerpo que ser\u00edan por impacto de proyectil de posta de goma.&nbsp;<\/p>\n\n\n\n<p>Adem\u00e1s, al momento de la detenci\u00f3n,&nbsp;los acusados ingresaron al domicilio del damnificado ubicado en barrio Norte Grande y manifestaron que pod\u00edan hacerlo sin una orden emanada de autoridad competente.<\/p>\n\n\n\n<p>Para avalar la restricci\u00f3n ilegal de la libertad,&nbsp;los acusados armaron una causa penal.<\/p>\n\n\n\n<p>Las actuaciones iniciaron con la denuncia de la v\u00edctima, quien relat\u00f3 que, durante esa ma\u00f1ana, su nuera lo despert\u00f3 para advertirle sobre la presencia de personal policial fuera de la casa.<\/p>\n\n\n\n<p>Al salir para ver qu\u00e9 suced\u00eda, encontr\u00f3 a&nbsp;tres efectivos policiales junto a dos mujeres, quienes manifestaron que la bicicleta que estaba en la puerta de la casa era de ellas y que se la hab\u00edan robado hace instantes. El denunciante les dijo que se la llevaran&nbsp;y que no sab\u00eda qu\u00e9 hac\u00eda la bicicleta all\u00ed.<\/p>\n\n\n\n<p>En ese momento el&nbsp;personal policial ingres\u00f3 al domicilio, hizo una requisa y encontr\u00f3 a un hombre escondido en el techo, quien al ver a los efectivos policiales escap\u00f3, por lo que lo persiguieron.<\/p>\n\n\n\n<p>En ese momento&nbsp;el denunciante sali\u00f3 tras ellos para ver si lo agarraban&nbsp;y camin\u00f3 hasta la vuelta de su casa, donde se les acercaron&nbsp;nuevamente los polic\u00edas, enojados porque se les hab\u00eda escapado el hombre&nbsp;que estaba en el techo.<\/p>\n\n\n\n<p>Uno de los efectivos le dijo&nbsp;\u201ca vos te vamos a llevar por encubrimiento\u201d y luego&nbsp;lo subieron a la caja del m\u00f3vil y lo esposaron.<\/p>\n\n\n\n<p>Una vez que el m\u00f3vil arranc\u00f3,&nbsp;el denunciante relat\u00f3 que uno de los dos polic\u00edas que iba atr\u00e1s con \u00e9l le dio disparos de bala de goma en ambas piernas. Tras esto, el denunciante se tir\u00f3 en la caja del m\u00f3vil y uno de ellos le pis\u00f3 la cabeza.<\/p>\n\n\n\n<p>El informe m\u00e9dico realizado por el&nbsp;Gabinete de Medicina Legal del CIF, concluy\u00f3 que la v\u00edctima presentaba un hematoma en los dos tercios inferior de brazo izquierdo, otro peque\u00f1o en hombro izquierdo, una excoriaci\u00f3n en parte posterior de pabell\u00f3n auricular izquierdo, dos lesiones contusos equim\u00f3ticas circulares con halo hem\u00e1tico perilesional, uno en tercio medio, cara anterior de muslo izquierdo y otro en tercio inferior, cara interna de muslo derecho y excoriaci\u00f3n en tercio inferior y en cara anterior de pierna izquierda.<\/p>\n\n\n\n<p>La&nbsp;fiscal penal Simesen de Bielke&nbsp;sostuvo que los hechos fueron corroborados con la denuncia del damnificado, testimoniales de testigos presenciales y&nbsp;certificados m\u00e9dicos, la n\u00f3mina de efectivos que se encontraban en el m\u00f3vil y la&nbsp;copia del libro de guardia, entre otros elementos de convicci\u00f3n reunidos, que dieron cuenta de la participaci\u00f3n punible de los imputado<\/p>\n\n\n\n<p><a href=\"https:\/\/prensagendarmeria.gob.ar\/img\/prensa\/1891-Detienen-a-un-hombre-que-viajaba-con-mas-de-20-kilos-de-marihuana-en-un-automovil-1.jpg\"><\/a><\/p>\n\n\n\n<p><a href=\"https:\/\/prensagendarmeria.gob.ar\/img\/prensa\/1891-Detienen-a-un-hombre-que-viajaba-con-mas-de-20-kilos-de-marihuana-en-un-automovil-2.jpg\"><\/a><\/p>\n","protected":false},"excerpt":{"rendered":"<p>La fiscal penal de Derechos Humanos, Ver\u00f3nica Simesen de Bielke, imput\u00f3 a los efectivos policiales sargento ayudante R\u00f3mulo Segovia, sargento Pablo Exequiel Toledo y cabo V\u00edctor Cruz, todos con revista en la Divisi\u00f3n Seguridad Urbana, acusados del delito de vejaciones calificadas con allanamiento ilegal, privaci\u00f3n ileg\u00edtima de la libertad y falsedad ideol\u00f3gica, todo en concurso [&hellip;]<\/p>\n","protected":false},"author":2,"featured_media":8113,"comment_status":"open","ping_status":"open","sticky":false,"template":"","format":"standard","meta":{"tdm_status":"","tdm_grid_status":"","_joinchat":[],"footnotes":""},"categories":[63],"tags":[],"class_list":{"0":"post-8111","1":"post","2":"type-post","3":"status-publish","4":"format-standard","5":"has-post-thumbnail","7":"category-policiales"},"amp_enabled":true,"_links":{"self":[{"href":"https:\/\/www.todoeldia.com\/index.php\/wp-json\/wp\/v2\/posts\/8111","targetHints":{"allow":["GET"]}}],"collection":[{"href":"https:\/\/www.todoeldia.com\/index.php\/wp-json\/wp\/v2\/posts"}],"about":[{"href":"https:\/\/www.todoeldia.com\/index.php\/wp-json\/wp\/v2\/types\/post"}],"author":[{"embeddable":true,"href":"https:\/\/www.todoeldia.com\/index.php\/wp-json\/wp\/v2\/users\/2"}],"replies":[{"embeddable":true,"href":"https:\/\/www.todoeldia.com\/index.php\/wp-json\/wp\/v2\/comments?post=8111"}],"version-history":[{"count":1,"href":"https:\/\/www.todoeldia.com\/index.php\/wp-json\/wp\/v2\/posts\/8111\/revisions"}],"predecessor-version":[{"id":8114,"href":"https:\/\/www.todoeldia.com\/index.php\/wp-json\/wp\/v2\/posts\/8111\/revisions\/8114"}],"wp:featuredmedia":[{"embeddable":true,"href":"https:\/\/www.todoeldia.com\/index.php\/wp-json\/wp\/v2\/media\/8113"}],"wp:attachment":[{"href":"https:\/\/www.todoeldia.com\/index.php\/wp-json\/wp\/v2\/media?parent=8111"}],"wp:term":[{"taxonomy":"category","embeddable":true,"href":"https:\/\/www.todoeldia.com\/index.php\/wp-json\/wp\/v2\/categories?post=8111"},{"taxonomy":"post_tag","embeddable":true,"href":"https:\/\/www.todoeldia.com\/index.php\/wp-json\/wp\/v2\/tags?post=8111"}],"curies":[{"name":"wp","href":"https:\/\/api.w.org\/{rel}","templated":true}]}}