{"id":81361,"date":"2024-07-29T21:31:22","date_gmt":"2024-07-30T00:31:22","guid":{"rendered":"https:\/\/www.todoeldia.com\/?p=81361"},"modified":"2024-07-29T21:31:23","modified_gmt":"2024-07-30T00:31:23","slug":"mujer-junto-a-dos-hombres-agredieron-con-un-machete-y-una-botella-a-joven-para-robarle-en-oran","status":"publish","type":"post","link":"https:\/\/www.todoeldia.com\/index.php\/2024\/07\/29\/mujer-junto-a-dos-hombres-agredieron-con-un-machete-y-una-botella-a-joven-para-robarle-en-oran\/","title":{"rendered":"Mujer junto a dos hombres agredieron con un machete y una botella a joven para robarle en Or\u00e1n"},"content":{"rendered":"\n<p>Dos hombres y una mujer agredieron con armas blancas y una botella a un hombre con fines de robo, caus\u00e1ndole lesiones. La resistencia del damnificado y la intervenci\u00f3n de vecinos impidi\u00f3 que pudieran sustraerle sus bienes.<\/p>\n\n\n\n<p>La fiscal penal 2 de Or\u00e1n, Mariana Torres, imput\u00f3 de forma provisional a dos hombres de 18 y 30 a\u00f1os y a una mujer de 27 a\u00f1os como coautores del delito de tentativa de robo doblemente calificado por el uso de arma y en poblado y en banda.<\/p>\n\n\n\n<p>Tras la audiencia de imputaci\u00f3n, desde la Fiscal\u00eda se solicit\u00f3 que los acusados permanezcan detenidos.<\/p>\n\n\n\n<p>El incidente ocurri\u00f3 el pasado jueves por la ma\u00f1ana en la intersecci\u00f3n de las calles Jos\u00e9 Ingenieros e Italia, en la ciudad de Or\u00e1n. Un hombre que se encontraba estacionado en su motocicleta fue abordado por otro individuo, quien, armado con un machete, le exigi\u00f3 que le entregara sus pertenencias. Durante el ataque, el agresor le caus\u00f3 lesiones en los brazos y en una mano.<\/p>\n\n\n\n<p>Luego lleg\u00f3 una mujer, quien portando una botella se sum\u00f3 a las agresiones. Adem\u00e1s, un segundo hombre, portando un cuchillo, tambi\u00e9n se involucr\u00f3 en el ataque y le caus\u00f3 una lesi\u00f3n en el codo.<\/p>\n\n\n\n<p>La resistencia ofrecida por el damnificado y sus pedidos de auxilio, pusieron en alerta a los vecinos por lo que los tres atacantes huyeron del lugar.<\/p>\n\n\n\n<p>El personal policial fue advertido y en las inmediaciones se logr\u00f3 individualizar a los sospechosos, quienes fueron detenidos y se les secuestr\u00f3 un arma blanca y otros elementos.<\/p>\n","protected":false},"excerpt":{"rendered":"<p>Dos hombres y una mujer agredieron con armas blancas y una botella a un hombre con fines de robo, caus\u00e1ndole lesiones. La resistencia del damnificado y la intervenci\u00f3n de vecinos impidi\u00f3 que pudieran sustraerle sus bienes. La fiscal penal 2 de Or\u00e1n, Mariana Torres, imput\u00f3 de forma provisional a dos hombres de 18 y 30 [&hellip;]<\/p>\n","protected":false},"author":2,"featured_media":32434,"comment_status":"open","ping_status":"open","sticky":false,"template":"","format":"standard","meta":{"tdm_status":"","tdm_grid_status":"","_joinchat":[],"footnotes":""},"categories":[63],"tags":[],"class_list":{"0":"post-81361","1":"post","2":"type-post","3":"status-publish","4":"format-standard","5":"has-post-thumbnail","7":"category-policiales"},"amp_enabled":true,"_links":{"self":[{"href":"https:\/\/www.todoeldia.com\/index.php\/wp-json\/wp\/v2\/posts\/81361","targetHints":{"allow":["GET"]}}],"collection":[{"href":"https:\/\/www.todoeldia.com\/index.php\/wp-json\/wp\/v2\/posts"}],"about":[{"href":"https:\/\/www.todoeldia.com\/index.php\/wp-json\/wp\/v2\/types\/post"}],"author":[{"embeddable":true,"href":"https:\/\/www.todoeldia.com\/index.php\/wp-json\/wp\/v2\/users\/2"}],"replies":[{"embeddable":true,"href":"https:\/\/www.todoeldia.com\/index.php\/wp-json\/wp\/v2\/comments?post=81361"}],"version-history":[{"count":1,"href":"https:\/\/www.todoeldia.com\/index.php\/wp-json\/wp\/v2\/posts\/81361\/revisions"}],"predecessor-version":[{"id":81362,"href":"https:\/\/www.todoeldia.com\/index.php\/wp-json\/wp\/v2\/posts\/81361\/revisions\/81362"}],"wp:featuredmedia":[{"embeddable":true,"href":"https:\/\/www.todoeldia.com\/index.php\/wp-json\/wp\/v2\/media\/32434"}],"wp:attachment":[{"href":"https:\/\/www.todoeldia.com\/index.php\/wp-json\/wp\/v2\/media?parent=81361"}],"wp:term":[{"taxonomy":"category","embeddable":true,"href":"https:\/\/www.todoeldia.com\/index.php\/wp-json\/wp\/v2\/categories?post=81361"},{"taxonomy":"post_tag","embeddable":true,"href":"https:\/\/www.todoeldia.com\/index.php\/wp-json\/wp\/v2\/tags?post=81361"}],"curies":[{"name":"wp","href":"https:\/\/api.w.org\/{rel}","templated":true}]}}