{"id":81364,"date":"2024-07-29T21:35:16","date_gmt":"2024-07-30T00:35:16","guid":{"rendered":"https:\/\/www.todoeldia.com\/?p=81364"},"modified":"2024-07-29T21:35:17","modified_gmt":"2024-07-30T00:35:17","slug":"imputaron-al-asesino-que-apunalo-y-mato-a-un-hombre-en-colonia-santa-rosa","status":"publish","type":"post","link":"https:\/\/www.todoeldia.com\/index.php\/2024\/07\/29\/imputaron-al-asesino-que-apunalo-y-mato-a-un-hombre-en-colonia-santa-rosa\/","title":{"rendered":"Imputaron al asesino que apu\u00f1al\u00f3 y mat\u00f3 a un hombre en Colonia Santa Rosa"},"content":{"rendered":"\n<p>Ocurri\u00f3 durante las primeras horas de este domingo, cuando tras una gresca, un hombre result\u00f3 herido con un arma blanca y perdi\u00f3 la vida.<\/p>\n\n\n\n<p>El fiscal penal Carlos Alberto Salinas, interino en la Fiscal\u00eda de la Unidad de Graves Atentados contra las Personas de Or\u00e1n, imput\u00f3 de forma provisional a un hombre de 33 a\u00f1os como autor del delito de homicidio simple.<\/p>\n\n\n\n<p>Tras la audiencia de imputaci\u00f3n, desde la Fiscal\u00eda se solicit\u00f3 que el acusado permanezca detenido, mientras se encuentran en cumplimiento todas las medidas dispuestas para esclarecer lo sucedido.<\/p>\n\n\n\n<p>El hecho investigado ocurri\u00f3 este domingo por la ma\u00f1ana en las inmediaciones de las calles Los Jesuitas y 20 de Febrero, en Colonia Santa Rosa. Durante una pelea entre dos hombres, uno de ellos lesion\u00f3 al otro con un arma blanca en la zona tor\u00e1cica, causando su deceso.<\/p>\n\n\n\n<p>Desde la Fiscal\u00eda se dispuso el cumplimiento de las medidas de rigor y el personal de la Unidad de Investigaci\u00f3n UGAP Or\u00e1n, tras realizar relevamiento de c\u00e1maras de seguridad y de testigos, individualiz\u00f3 al sospechoso y procedi\u00f3 a su detenci\u00f3n con orden emitida por el Juzgado de Garant\u00edas 1 de ese distrito.<\/p>\n","protected":false},"excerpt":{"rendered":"<p>Ocurri\u00f3 durante las primeras horas de este domingo, cuando tras una gresca, un hombre result\u00f3 herido con un arma blanca y perdi\u00f3 la vida. El fiscal penal Carlos Alberto Salinas, interino en la Fiscal\u00eda de la Unidad de Graves Atentados contra las Personas de Or\u00e1n, imput\u00f3 de forma provisional a un hombre de 33 a\u00f1os [&hellip;]<\/p>\n","protected":false},"author":2,"featured_media":37746,"comment_status":"open","ping_status":"open","sticky":false,"template":"","format":"standard","meta":{"tdm_status":"","tdm_grid_status":"","_joinchat":[],"footnotes":""},"categories":[63],"tags":[],"class_list":{"0":"post-81364","1":"post","2":"type-post","3":"status-publish","4":"format-standard","5":"has-post-thumbnail","7":"category-policiales"},"amp_enabled":true,"_links":{"self":[{"href":"https:\/\/www.todoeldia.com\/index.php\/wp-json\/wp\/v2\/posts\/81364","targetHints":{"allow":["GET"]}}],"collection":[{"href":"https:\/\/www.todoeldia.com\/index.php\/wp-json\/wp\/v2\/posts"}],"about":[{"href":"https:\/\/www.todoeldia.com\/index.php\/wp-json\/wp\/v2\/types\/post"}],"author":[{"embeddable":true,"href":"https:\/\/www.todoeldia.com\/index.php\/wp-json\/wp\/v2\/users\/2"}],"replies":[{"embeddable":true,"href":"https:\/\/www.todoeldia.com\/index.php\/wp-json\/wp\/v2\/comments?post=81364"}],"version-history":[{"count":1,"href":"https:\/\/www.todoeldia.com\/index.php\/wp-json\/wp\/v2\/posts\/81364\/revisions"}],"predecessor-version":[{"id":81365,"href":"https:\/\/www.todoeldia.com\/index.php\/wp-json\/wp\/v2\/posts\/81364\/revisions\/81365"}],"wp:featuredmedia":[{"embeddable":true,"href":"https:\/\/www.todoeldia.com\/index.php\/wp-json\/wp\/v2\/media\/37746"}],"wp:attachment":[{"href":"https:\/\/www.todoeldia.com\/index.php\/wp-json\/wp\/v2\/media?parent=81364"}],"wp:term":[{"taxonomy":"category","embeddable":true,"href":"https:\/\/www.todoeldia.com\/index.php\/wp-json\/wp\/v2\/categories?post=81364"},{"taxonomy":"post_tag","embeddable":true,"href":"https:\/\/www.todoeldia.com\/index.php\/wp-json\/wp\/v2\/tags?post=81364"}],"curies":[{"name":"wp","href":"https:\/\/api.w.org\/{rel}","templated":true}]}}