{"id":81440,"date":"2024-07-30T19:36:08","date_gmt":"2024-07-30T22:36:08","guid":{"rendered":"https:\/\/www.todoeldia.com\/?p=81440"},"modified":"2024-07-30T19:36:09","modified_gmt":"2024-07-30T22:36:09","slug":"policia-involucrado-detenidos-en-la-comisaria-de-rio-piedras-entraron-a-robar-a-la-casa-de-al-lado","status":"publish","type":"post","link":"https:\/\/www.todoeldia.com\/index.php\/2024\/07\/30\/policia-involucrado-detenidos-en-la-comisaria-de-rio-piedras-entraron-a-robar-a-la-casa-de-al-lado\/","title":{"rendered":"Polic\u00eda involucrado: detenidos en la comisaria de Rio Piedras entraron a robar a la casa de al lado"},"content":{"rendered":"\n<p>El robo fue cometido por detenidos de la comisar\u00eda de Rio Piedras por lo cual se imput\u00f3 al polic\u00eda que estaba a cargo de la custodia de los presos.<\/p>\n\n\n\n<p>Tambi\u00e9n fue imputada la esposa de uno de los all\u00ed alojados, quien ofrec\u00eda a la venta una olla Essen que hab\u00eda sido robada de la casa pegada al destacamento policial.<\/p>\n\n\n\n<p>El hecho investigado ocurri\u00f3 el pasado mes de junio, cuando se denunci\u00f3 un robo en una casa contigua al destacamento policial de R\u00edo Piedras y en una de las celdas se encontraron diversos elementos denunciados como sustra\u00eddos, tales como utensilios de cocina.<\/p>\n\n\n\n<p>Por el hecho se imput\u00f3 a los tres detenidos que compart\u00edan el lugar de detenci\u00f3n como coautores del delito de robo.<\/p>\n\n\n\n<p>De los avances investigativos, el fiscal G\u00f3mez Amado obtuvo elementos de convicci\u00f3n necesarios para ampliar la imputaci\u00f3n a un suboficial principal de la Polic\u00eda de Salta, quien estaba encargado de la vigilancia y encierro de los detenidos, al considerar que debi\u00f3 haber prestado colaboraci\u00f3n.<\/p>\n\n\n\n<p>Asimismo, se allan\u00f3 el domicilio del polic\u00eda y se encontraron elementos de electricidad, los cuales coincid\u00edan con los denunciados como robados.<\/p>\n\n\n\n<p>Respecto de la mujer, se trata de la pareja de uno de los detenidos imputados por el hecho, quien ofreci\u00f3 a la venta de manera p\u00fablica uno de los elementos sustra\u00eddos luego de una visita a la dependencia.<\/p>\n","protected":false},"excerpt":{"rendered":"<p>El robo fue cometido por detenidos de la comisar\u00eda de Rio Piedras por lo cual se imput\u00f3 al polic\u00eda que estaba a cargo de la custodia de los presos. Tambi\u00e9n fue imputada la esposa de uno de los all\u00ed alojados, quien ofrec\u00eda a la venta una olla Essen que hab\u00eda sido robada de la casa [&hellip;]<\/p>\n","protected":false},"author":2,"featured_media":81441,"comment_status":"open","ping_status":"open","sticky":false,"template":"","format":"standard","meta":{"tdm_status":"","tdm_grid_status":"","_joinchat":[],"footnotes":""},"categories":[63],"tags":[],"class_list":{"0":"post-81440","1":"post","2":"type-post","3":"status-publish","4":"format-standard","5":"has-post-thumbnail","7":"category-policiales"},"amp_enabled":true,"_links":{"self":[{"href":"https:\/\/www.todoeldia.com\/index.php\/wp-json\/wp\/v2\/posts\/81440","targetHints":{"allow":["GET"]}}],"collection":[{"href":"https:\/\/www.todoeldia.com\/index.php\/wp-json\/wp\/v2\/posts"}],"about":[{"href":"https:\/\/www.todoeldia.com\/index.php\/wp-json\/wp\/v2\/types\/post"}],"author":[{"embeddable":true,"href":"https:\/\/www.todoeldia.com\/index.php\/wp-json\/wp\/v2\/users\/2"}],"replies":[{"embeddable":true,"href":"https:\/\/www.todoeldia.com\/index.php\/wp-json\/wp\/v2\/comments?post=81440"}],"version-history":[{"count":1,"href":"https:\/\/www.todoeldia.com\/index.php\/wp-json\/wp\/v2\/posts\/81440\/revisions"}],"predecessor-version":[{"id":81442,"href":"https:\/\/www.todoeldia.com\/index.php\/wp-json\/wp\/v2\/posts\/81440\/revisions\/81442"}],"wp:featuredmedia":[{"embeddable":true,"href":"https:\/\/www.todoeldia.com\/index.php\/wp-json\/wp\/v2\/media\/81441"}],"wp:attachment":[{"href":"https:\/\/www.todoeldia.com\/index.php\/wp-json\/wp\/v2\/media?parent=81440"}],"wp:term":[{"taxonomy":"category","embeddable":true,"href":"https:\/\/www.todoeldia.com\/index.php\/wp-json\/wp\/v2\/categories?post=81440"},{"taxonomy":"post_tag","embeddable":true,"href":"https:\/\/www.todoeldia.com\/index.php\/wp-json\/wp\/v2\/tags?post=81440"}],"curies":[{"name":"wp","href":"https:\/\/api.w.org\/{rel}","templated":true}]}}