{"id":81866,"date":"2024-08-06T14:10:17","date_gmt":"2024-08-06T17:10:17","guid":{"rendered":"https:\/\/www.todoeldia.com\/?p=81866"},"modified":"2024-08-06T14:10:18","modified_gmt":"2024-08-06T17:10:18","slug":"cayo-de-la-pala-de-una-maquina-vial-y-fue-arrollado-por-una-de-sus-ruedas-en-iruya","status":"publish","type":"post","link":"https:\/\/www.todoeldia.com\/index.php\/2024\/08\/06\/cayo-de-la-pala-de-una-maquina-vial-y-fue-arrollado-por-una-de-sus-ruedas-en-iruya\/","title":{"rendered":"Cayo de la pala de una m\u00e1quina vial y fue arrollado por una de sus ruedas en Iruya"},"content":{"rendered":"\n<p>El 11 de junio de 2020, un grupo de empleados de la Municipalidad de Iruya se encontraban realizando tareas en un camino precario que une esa localidad con el paraje Las Higueras. Alrededor de las 15, al culminar sus labores, se prepararon para regresar al pueblo. Como ten\u00edan que cruzar el r\u00edo, para no mojarse, cinco de los obreros decidieron subirse a la pala de una m\u00e1quina vial. Uno de ellos se ubic\u00f3 en la esquina izquierda.&nbsp;<\/p>\n\n\n\n<p>Para cruzar el r\u00edo, el conductor levant\u00f3 un poco la pala, y luego de atravesar el curso de agua, para esquivar un cami\u00f3n que estaba estacionado al frente, hizo una maniobra que provoc\u00f3 que la pala se balanceara. A ra\u00edz de esto, el trabajador que hab\u00eda quedado en la orilla izquierda cay\u00f3 y fue arrollado por la m\u00e1quina. Falleci\u00f3 por paro cardiorrespiratorio traum\u00e1tico a causa de traumatismo de t\u00f3rax grave.<\/p>\n\n\n\n<p>La jueza M\u00f3nica Mukdsi, vocal de la Sala VI del Tribunal de Juicio, conden\u00f3 al conductor de la m\u00e1quina a dos a\u00f1os de prisi\u00f3n en suspenso e inhabilitaci\u00f3n para conducir veh\u00edculos automotores por cinco a\u00f1os. Lo consider\u00f3 autor del delito de homicidio culposo agravado por la conducci\u00f3n imprudente y antirreglamentaria.<\/p>\n","protected":false},"excerpt":{"rendered":"<p>El 11 de junio de 2020, un grupo de empleados de la Municipalidad de Iruya se encontraban realizando tareas en un camino precario que une esa localidad con el paraje Las Higueras. Alrededor de las 15, al culminar sus labores, se prepararon para regresar al pueblo. Como ten\u00edan que cruzar el r\u00edo, para no mojarse, [&hellip;]<\/p>\n","protected":false},"author":2,"featured_media":81867,"comment_status":"open","ping_status":"open","sticky":false,"template":"","format":"standard","meta":{"tdm_status":"","tdm_grid_status":"","_joinchat":[],"footnotes":""},"categories":[63],"tags":[],"class_list":{"0":"post-81866","1":"post","2":"type-post","3":"status-publish","4":"format-standard","5":"has-post-thumbnail","7":"category-policiales"},"amp_enabled":true,"_links":{"self":[{"href":"https:\/\/www.todoeldia.com\/index.php\/wp-json\/wp\/v2\/posts\/81866","targetHints":{"allow":["GET"]}}],"collection":[{"href":"https:\/\/www.todoeldia.com\/index.php\/wp-json\/wp\/v2\/posts"}],"about":[{"href":"https:\/\/www.todoeldia.com\/index.php\/wp-json\/wp\/v2\/types\/post"}],"author":[{"embeddable":true,"href":"https:\/\/www.todoeldia.com\/index.php\/wp-json\/wp\/v2\/users\/2"}],"replies":[{"embeddable":true,"href":"https:\/\/www.todoeldia.com\/index.php\/wp-json\/wp\/v2\/comments?post=81866"}],"version-history":[{"count":1,"href":"https:\/\/www.todoeldia.com\/index.php\/wp-json\/wp\/v2\/posts\/81866\/revisions"}],"predecessor-version":[{"id":81868,"href":"https:\/\/www.todoeldia.com\/index.php\/wp-json\/wp\/v2\/posts\/81866\/revisions\/81868"}],"wp:featuredmedia":[{"embeddable":true,"href":"https:\/\/www.todoeldia.com\/index.php\/wp-json\/wp\/v2\/media\/81867"}],"wp:attachment":[{"href":"https:\/\/www.todoeldia.com\/index.php\/wp-json\/wp\/v2\/media?parent=81866"}],"wp:term":[{"taxonomy":"category","embeddable":true,"href":"https:\/\/www.todoeldia.com\/index.php\/wp-json\/wp\/v2\/categories?post=81866"},{"taxonomy":"post_tag","embeddable":true,"href":"https:\/\/www.todoeldia.com\/index.php\/wp-json\/wp\/v2\/tags?post=81866"}],"curies":[{"name":"wp","href":"https:\/\/api.w.org\/{rel}","templated":true}]}}