{"id":81872,"date":"2024-08-06T14:42:27","date_gmt":"2024-08-06T17:42:27","guid":{"rendered":"https:\/\/www.todoeldia.com\/?p=81872"},"modified":"2024-08-06T14:42:27","modified_gmt":"2024-08-06T17:42:27","slug":"asesino-a-golpes-a-su-beba-de-3-meses-y-se-declaro-inocente-el-veredicto-de-un-caso-que-conmueve-a-cordoba","status":"publish","type":"post","link":"https:\/\/www.todoeldia.com\/index.php\/2024\/08\/06\/asesino-a-golpes-a-su-beba-de-3-meses-y-se-declaro-inocente-el-veredicto-de-un-caso-que-conmueve-a-cordoba\/","title":{"rendered":"Asesin\u00f3 a golpes a su beba de 3 meses y se declar\u00f3 inocente: el veredicto de un caso que conmueve a C\u00f3rdoba"},"content":{"rendered":"\n<p>La Justicia determin\u00f3 que Leonardo Paniagua es culpable de haber golpeado y zamarreado a su hija, quien agoniz\u00f3 durante cinco d\u00edas y muri\u00f3 en agosto de 2022. El fallo tambi\u00e9n involucr\u00f3 a la madre de la v\u00edctima,<\/p>\n\n\n\n<p>El 10 de agosto de 2022 una beba de 3 meses llamada \u00c1ngela falleci\u00f3 en el Hospital de Ni\u00f1os de C\u00f3rdoba luego de agonizar durante cinco d\u00edas. Sus padres dijeron que desconoc\u00edan c\u00f3mo hab\u00eda llegado a estar en ese estado, pese a que se le notaban los golpes. Dos a\u00f1os despu\u00e9s, el caso lleg\u00f3 a un veredicto final.<\/p>\n\n\n\n<p>\u00c1ngela hab\u00eda entrado al centro de salud cordob\u00e9s con m\u00faltiples lesiones en su cuerpo e inconsciente, lo que motiv\u00f3 a que los m\u00e9dicos dieran aviso a la Justicia. Poco tiempo despu\u00e9s de la muerte de la beba, los padres quedaron acusados por la muerte.<\/p>\n\n\n\n<figure class=\"wp-block-image size-large\"><img loading=\"lazy\" decoding=\"async\" width=\"1024\" height=\"573\" src=\"https:\/\/www.todoeldia.com\/wp-content\/uploads\/2024\/08\/image-43-1024x573.png\" alt=\"\" class=\"wp-image-81874\" srcset=\"https:\/\/www.todoeldia.com\/wp-content\/uploads\/2024\/08\/image-43-1024x573.png 1024w, https:\/\/www.todoeldia.com\/wp-content\/uploads\/2024\/08\/image-43-300x168.png 300w, https:\/\/www.todoeldia.com\/wp-content\/uploads\/2024\/08\/image-43-768x430.png 768w, https:\/\/www.todoeldia.com\/wp-content\/uploads\/2024\/08\/image-43-750x420.png 750w, https:\/\/www.todoeldia.com\/wp-content\/uploads\/2024\/08\/image-43-696x390.png 696w, https:\/\/www.todoeldia.com\/wp-content\/uploads\/2024\/08\/image-43-1068x598.png 1068w, https:\/\/www.todoeldia.com\/wp-content\/uploads\/2024\/08\/image-43.png 1440w\" sizes=\"auto, (max-width: 1024px) 100vw, 1024px\" \/><\/figure>\n\n\n\n<p><strong>El fiscal Marcelo Fenoll hab\u00eda acusado a Leonardo Paniagua por el crimen de \u00c1ngela, la beba de 3 meses<\/strong><\/p>\n\n\n\n<p>La investigaci\u00f3n y las pericias determinaron que la beba hab\u00eda sido sometida a diversas agresiones por parte de su padre en su casa de la localidad cordobesa de La Calera, en el Gran C\u00f3rdoba. Entre ellas se confirm\u00f3 que Leonardo Paniagua le aplic\u00f3 golpes, tincazos, sacudidas y zamarreos, adem\u00e1s de poner diferentes excusas para no llevarla al m\u00e9dico.<\/p>\n\n\n\n<p>El informe realizado por los peritos indic\u00f3 que la muerte de \u00c1ngela finalmente se produjo porque Paniagua la zamarre\u00f3 continuamente durante varios minutos bajo la excusa de que la beba de 3 meses no paraba de llorar.<\/p>\n\n\n\n<p>Fue por eso que el padre de la v\u00edctima y de otros tres nenes m\u00e1s fue llevado a juicio como principal acusado de los delitos de homicidio calificado por el v\u00ednculo y lesiones leves calificadas reitaradas. El fiscal que formaliz\u00f3 la acusaci\u00f3n, Marcelo Fenoll, solicit\u00f3 la pena m\u00e1xima.<\/p>\n\n\n\n<p>Durante el transcurso de las audiencias tambi\u00e9n se determin\u00f3 que la madre de la beba, quien tambi\u00e9n era acusada por el crimen, fuera apartada de la causa porque los peritajes psiqui\u00e1tricos determinaron que era inimputable por padecer trastornos de bipolaridad.<\/p>\n\n\n\n<p>La actitud de Paniagua durante el juicio siempre fue la misma: cada vez que le toc\u00f3 declarar defendi\u00f3 su inocencia, contest\u00f3 con evasivas a las preguntas realizadas por los fiscales y apunt\u00f3 directamente contra su expareja y madre de la beba.<\/p>\n\n\n\n<p>En una jornada muy emotiva y con un alegato conmovedor del fiscal, este lunes la C\u00e1mara 5\u00aa del Crimen de C\u00f3rdoba conden\u00f3 a la pena de prisi\u00f3n perpetua a Leonardo Benjam\u00edn Paniagua por el crimen de su hija de 3 meses.<\/p>\n\n\n\n<p>\u201cLo primero que quiero hacer ante ustedes, miembros del jurado, es ponerle nombre a la v\u00edctima: se llamaba \u00c1ngela la beba. Y lo digo porque el acusado nunca la nombr\u00f3. Hay que darle entidad a la v\u00edctima. \u00c1ngela naci\u00f3 el 29 de abril de 2022, ten\u00eda 3 meses y 12 d\u00edas cuando muri\u00f3. Agoniz\u00f3 por cinco d\u00edas producto de malos tratos\u201d, narr\u00f3 Fenoll al presentar el caso ante el jurado popular.<\/p>\n","protected":false},"excerpt":{"rendered":"<p>La Justicia determin\u00f3 que Leonardo Paniagua es culpable de haber golpeado y zamarreado a su hija, quien agoniz\u00f3 durante cinco d\u00edas y muri\u00f3 en agosto de 2022. El fallo tambi\u00e9n involucr\u00f3 a la madre de la v\u00edctima, El 10 de agosto de 2022 una beba de 3 meses llamada \u00c1ngela falleci\u00f3 en el Hospital de [&hellip;]<\/p>\n","protected":false},"author":2,"featured_media":81873,"comment_status":"open","ping_status":"open","sticky":false,"template":"","format":"standard","meta":{"tdm_status":"","tdm_grid_status":"","_joinchat":[],"footnotes":""},"categories":[63],"tags":[],"class_list":{"0":"post-81872","1":"post","2":"type-post","3":"status-publish","4":"format-standard","5":"has-post-thumbnail","7":"category-policiales"},"amp_enabled":true,"_links":{"self":[{"href":"https:\/\/www.todoeldia.com\/index.php\/wp-json\/wp\/v2\/posts\/81872","targetHints":{"allow":["GET"]}}],"collection":[{"href":"https:\/\/www.todoeldia.com\/index.php\/wp-json\/wp\/v2\/posts"}],"about":[{"href":"https:\/\/www.todoeldia.com\/index.php\/wp-json\/wp\/v2\/types\/post"}],"author":[{"embeddable":true,"href":"https:\/\/www.todoeldia.com\/index.php\/wp-json\/wp\/v2\/users\/2"}],"replies":[{"embeddable":true,"href":"https:\/\/www.todoeldia.com\/index.php\/wp-json\/wp\/v2\/comments?post=81872"}],"version-history":[{"count":1,"href":"https:\/\/www.todoeldia.com\/index.php\/wp-json\/wp\/v2\/posts\/81872\/revisions"}],"predecessor-version":[{"id":81875,"href":"https:\/\/www.todoeldia.com\/index.php\/wp-json\/wp\/v2\/posts\/81872\/revisions\/81875"}],"wp:featuredmedia":[{"embeddable":true,"href":"https:\/\/www.todoeldia.com\/index.php\/wp-json\/wp\/v2\/media\/81873"}],"wp:attachment":[{"href":"https:\/\/www.todoeldia.com\/index.php\/wp-json\/wp\/v2\/media?parent=81872"}],"wp:term":[{"taxonomy":"category","embeddable":true,"href":"https:\/\/www.todoeldia.com\/index.php\/wp-json\/wp\/v2\/categories?post=81872"},{"taxonomy":"post_tag","embeddable":true,"href":"https:\/\/www.todoeldia.com\/index.php\/wp-json\/wp\/v2\/tags?post=81872"}],"curies":[{"name":"wp","href":"https:\/\/api.w.org\/{rel}","templated":true}]}}