{"id":82075,"date":"2024-08-09T00:35:34","date_gmt":"2024-08-09T03:35:34","guid":{"rendered":"https:\/\/www.todoeldia.com\/?p=82075"},"modified":"2024-08-09T00:35:35","modified_gmt":"2024-08-09T03:35:35","slug":"video-jonatan-viale-de-tn-mando-a-la-m-al-oso-leavy-por-defender-a-alberto-fernandez","status":"publish","type":"post","link":"https:\/\/www.todoeldia.com\/index.php\/2024\/08\/09\/video-jonatan-viale-de-tn-mando-a-la-m-al-oso-leavy-por-defender-a-alberto-fernandez\/","title":{"rendered":"Video: Jonatan Viale de TN &#8220;mando a la m&#8230;&#8221; al Oso Leavy por defender a Alberto Fern\u00e1ndez"},"content":{"rendered":"\n<p>El periodista de TN Jonat\u00e1n Viale \u201cmando a la mierda al Oso Leavy\u201d por defender a Alberto Fern\u00e1ndez<\/p>\n\n\n\n<p>El periodista de TN Jonat\u00e1n Viale no se guard\u00f3 nada al insultar al senador nacional por Salta, Sergio \u201cOso\u201d Leavy a quien \u201cmando a la mierda\u201d por defender a Alberto Fern\u00e1ndez ante los golpes que le propin\u00f3 a Fabiola Ya\u00f1ez.<\/p>\n\n\n\n<p>El conductor del programa \u201c\u00bfLa ves? De TN se refiri\u00f3 en duros t\u00e9rminos al legislador nacional al afirmar que \u201c\u00e9l hab\u00eda escuchado\u201d que los moretones que presentaba la primera dama eran porque se hab\u00eda ca\u00eddo por las escaleras.<\/p>\n\n\n\n<p>\u201cSenador Leavy mire este video, v\u00e1yase a la mierda\u201d, concluy\u00f3 Jonat\u00e1n Viale<\/p>\n\n\n\n<figure class=\"wp-block-embed is-type-video is-provider-youtube wp-block-embed-youtube wp-embed-aspect-16-9 wp-has-aspect-ratio\"><div class=\"wp-block-embed__wrapper\">\n<iframe loading=\"lazy\" title=\"vialte insulto a leavy\" width=\"696\" height=\"392\" src=\"https:\/\/www.youtube.com\/embed\/7JDTCp2-V5Y?feature=oembed\" frameborder=\"0\" allow=\"accelerometer; autoplay; clipboard-write; encrypted-media; gyroscope; picture-in-picture; web-share\" referrerpolicy=\"strict-origin-when-cross-origin\" allowfullscreen><\/iframe>\n<\/div><\/figure>\n","protected":false},"excerpt":{"rendered":"<p>El periodista de TN Jonat\u00e1n Viale \u201cmando a la mierda al Oso Leavy\u201d por defender a Alberto Fern\u00e1ndez El periodista de TN Jonat\u00e1n Viale no se guard\u00f3 nada al insultar al senador nacional por Salta, Sergio \u201cOso\u201d Leavy a quien \u201cmando a la mierda\u201d por defender a Alberto Fern\u00e1ndez ante los golpes que le propin\u00f3 [&hellip;]<\/p>\n","protected":false},"author":2,"featured_media":69925,"comment_status":"open","ping_status":"open","sticky":false,"template":"","format":"standard","meta":{"tdm_status":"","tdm_grid_status":"","_joinchat":[],"footnotes":""},"categories":[59],"tags":[],"class_list":{"0":"post-82075","1":"post","2":"type-post","3":"status-publish","4":"format-standard","5":"has-post-thumbnail","7":"category-politica"},"amp_enabled":true,"_links":{"self":[{"href":"https:\/\/www.todoeldia.com\/index.php\/wp-json\/wp\/v2\/posts\/82075","targetHints":{"allow":["GET"]}}],"collection":[{"href":"https:\/\/www.todoeldia.com\/index.php\/wp-json\/wp\/v2\/posts"}],"about":[{"href":"https:\/\/www.todoeldia.com\/index.php\/wp-json\/wp\/v2\/types\/post"}],"author":[{"embeddable":true,"href":"https:\/\/www.todoeldia.com\/index.php\/wp-json\/wp\/v2\/users\/2"}],"replies":[{"embeddable":true,"href":"https:\/\/www.todoeldia.com\/index.php\/wp-json\/wp\/v2\/comments?post=82075"}],"version-history":[{"count":1,"href":"https:\/\/www.todoeldia.com\/index.php\/wp-json\/wp\/v2\/posts\/82075\/revisions"}],"predecessor-version":[{"id":82076,"href":"https:\/\/www.todoeldia.com\/index.php\/wp-json\/wp\/v2\/posts\/82075\/revisions\/82076"}],"wp:featuredmedia":[{"embeddable":true,"href":"https:\/\/www.todoeldia.com\/index.php\/wp-json\/wp\/v2\/media\/69925"}],"wp:attachment":[{"href":"https:\/\/www.todoeldia.com\/index.php\/wp-json\/wp\/v2\/media?parent=82075"}],"wp:term":[{"taxonomy":"category","embeddable":true,"href":"https:\/\/www.todoeldia.com\/index.php\/wp-json\/wp\/v2\/categories?post=82075"},{"taxonomy":"post_tag","embeddable":true,"href":"https:\/\/www.todoeldia.com\/index.php\/wp-json\/wp\/v2\/tags?post=82075"}],"curies":[{"name":"wp","href":"https:\/\/api.w.org\/{rel}","templated":true}]}}