{"id":82107,"date":"2024-08-09T14:55:39","date_gmt":"2024-08-09T17:55:39","guid":{"rendered":"https:\/\/www.todoeldia.com\/?p=82107"},"modified":"2024-08-09T14:55:40","modified_gmt":"2024-08-09T17:55:40","slug":"hubo-15-muertes-en-carceles-federales-en-el-primer-semestre-de-2024-una-en-la-de-general-guemes","status":"publish","type":"post","link":"https:\/\/www.todoeldia.com\/index.php\/2024\/08\/09\/hubo-15-muertes-en-carceles-federales-en-el-primer-semestre-de-2024-una-en-la-de-general-guemes\/","title":{"rendered":"Hubo 15 muertes en c\u00e1rceles federales en el primer semestre de 2024: una en la de General G\u00fcemes"},"content":{"rendered":"\n<p>El trabajo compara que en el mismo periodo de 2023 se hab\u00edan registrado 8 muertes, lo que implica &#8220;un notorio incremento&#8221; en la cifra.<\/p>\n\n\n\n<p>La Procuradur\u00eda de Violencia Institucional (PROCUVIN) inform\u00f3 que se registraron 15 muertes en c\u00e1rceles federales en el primer semestre de 2024. El trabajo compara que en el mismo periodo de 2023 se hab\u00edan registrado 8 muertes, lo que implica &#8220;un notorio incremento&#8221; en la cifra.<\/p>\n\n\n\n<p>A trav\u00e9s del documento estad\u00edstico \u201cMuerte en c\u00e1rceles federales\u201d, el fiscal general Alberto Adri\u00e1n Mar\u00eda Gentili, indic\u00f3 que en los primeros seis meses del a\u00f1o, desde el 1\u00b0 de enero al 30 de junio, hubo 15 presos muertos en diez c\u00e1rceles federales.<\/p>\n\n\n\n<figure class=\"wp-block-image size-full is-resized\"><img loading=\"lazy\" decoding=\"async\" width=\"733\" height=\"438\" src=\"https:\/\/www.todoeldia.com\/wp-content\/uploads\/2024\/08\/image-72.png\" alt=\"\" class=\"wp-image-82108\" style=\"width:1068px;height:auto\" srcset=\"https:\/\/www.todoeldia.com\/wp-content\/uploads\/2024\/08\/image-72.png 733w, https:\/\/www.todoeldia.com\/wp-content\/uploads\/2024\/08\/image-72-300x179.png 300w, https:\/\/www.todoeldia.com\/wp-content\/uploads\/2024\/08\/image-72-703x420.png 703w, https:\/\/www.todoeldia.com\/wp-content\/uploads\/2024\/08\/image-72-696x416.png 696w\" sizes=\"auto, (max-width: 733px) 100vw, 733px\" \/><\/figure>\n\n\n\n<p>\u201cEl Complejo Penitenciario Federal I de Ezeiza tiene el mayor n\u00famero de decesos con cinco muertes y en la Unidad 10 de Formosa fueron dos casos\u201d, detallaron.<\/p>\n\n\n\n<p>Mientras que hubo un caso cada uno en el CPF II de Marcos Paz, en la Unidad N\u00b0 8 Jujuy, la Unidad N\u00b0 7 de Resistencia, el CPF VI de Cuyo, la Unidad N\u00b0 6 de Rawson, el Complejo Penitenciario Federal III de General G\u00fcemes (Salta), el CPF V de Senillosa y en la Colonia Penal Federal de J\u00f3venes Adultos de Marcos Paz.<\/p>\n\n\n\n<p>Adem\u00e1s, el informe destaca que siete de los 15 fallecidos ten\u00edan menos de 40 a\u00f1os y 14 eran varones y una mujer.<\/p>\n\n\n\n<p>\u201cCuatro casos correspondieron a personas de nacionalidad extranjera de Paraguay, Bolivia y Cuba\u201d, sumaron.<\/p>\n\n\n\n<p>En relaci\u00f3n a la situaci\u00f3n procesal de las personas fallecidas, 11 se encontraban con condena firme y cuatro estaban procesadas, de las cuales seis llevaban menos de un a\u00f1o detenidas.<\/p>\n\n\n\n<p>El reporte detalla asimismo la tipolog\u00eda de las muertes: \u201cLa Procuradur\u00eda indica que nueve casos fueron por causas no traum\u00e1ticas y cinco por razones traum\u00e1ticas, mientras que el restante es objeto de investigaci\u00f3n\u201d.<\/p>\n\n\n\n<p>De acuerdo con los registros, la mayor parte de las muertes fueron producto de \u201cproblemas de salud\u201d y dentro del conjunto de fallecimientos traum\u00e1ticos predominaron las \u201cmuertes por ahorcamiento\u201d, con tres casos; uno por \u201cquemaduras\u201d; y otro por \u201cahogamiento provocado por la ingesti\u00f3n de un elemento extra\u00f1o\u201d.<\/p>\n","protected":false},"excerpt":{"rendered":"<p>El trabajo compara que en el mismo periodo de 2023 se hab\u00edan registrado 8 muertes, lo que implica &#8220;un notorio incremento&#8221; en la cifra. La Procuradur\u00eda de Violencia Institucional (PROCUVIN) inform\u00f3 que se registraron 15 muertes en c\u00e1rceles federales en el primer semestre de 2024. El trabajo compara que en el mismo periodo de 2023 [&hellip;]<\/p>\n","protected":false},"author":2,"featured_media":31214,"comment_status":"open","ping_status":"open","sticky":false,"template":"","format":"standard","meta":{"tdm_status":"","tdm_grid_status":"","_joinchat":[],"footnotes":""},"categories":[73],"tags":[],"class_list":{"0":"post-82107","1":"post","2":"type-post","3":"status-publish","4":"format-standard","5":"has-post-thumbnail","7":"category-noticias-general"},"amp_enabled":true,"_links":{"self":[{"href":"https:\/\/www.todoeldia.com\/index.php\/wp-json\/wp\/v2\/posts\/82107","targetHints":{"allow":["GET"]}}],"collection":[{"href":"https:\/\/www.todoeldia.com\/index.php\/wp-json\/wp\/v2\/posts"}],"about":[{"href":"https:\/\/www.todoeldia.com\/index.php\/wp-json\/wp\/v2\/types\/post"}],"author":[{"embeddable":true,"href":"https:\/\/www.todoeldia.com\/index.php\/wp-json\/wp\/v2\/users\/2"}],"replies":[{"embeddable":true,"href":"https:\/\/www.todoeldia.com\/index.php\/wp-json\/wp\/v2\/comments?post=82107"}],"version-history":[{"count":1,"href":"https:\/\/www.todoeldia.com\/index.php\/wp-json\/wp\/v2\/posts\/82107\/revisions"}],"predecessor-version":[{"id":82109,"href":"https:\/\/www.todoeldia.com\/index.php\/wp-json\/wp\/v2\/posts\/82107\/revisions\/82109"}],"wp:featuredmedia":[{"embeddable":true,"href":"https:\/\/www.todoeldia.com\/index.php\/wp-json\/wp\/v2\/media\/31214"}],"wp:attachment":[{"href":"https:\/\/www.todoeldia.com\/index.php\/wp-json\/wp\/v2\/media?parent=82107"}],"wp:term":[{"taxonomy":"category","embeddable":true,"href":"https:\/\/www.todoeldia.com\/index.php\/wp-json\/wp\/v2\/categories?post=82107"},{"taxonomy":"post_tag","embeddable":true,"href":"https:\/\/www.todoeldia.com\/index.php\/wp-json\/wp\/v2\/tags?post=82107"}],"curies":[{"name":"wp","href":"https:\/\/api.w.org\/{rel}","templated":true}]}}