{"id":82110,"date":"2024-08-09T19:15:08","date_gmt":"2024-08-09T22:15:08","guid":{"rendered":"https:\/\/www.todoeldia.com\/?p=82110"},"modified":"2024-08-09T19:29:32","modified_gmt":"2024-08-09T22:29:32","slug":"brasil-61-personas-murieron-tras-la-caida-de-un-avion-de-pasajeros-en-el-estado-de-san-pablo","status":"publish","type":"post","link":"https:\/\/www.todoeldia.com\/index.php\/2024\/08\/09\/brasil-61-personas-murieron-tras-la-caida-de-un-avion-de-pasajeros-en-el-estado-de-san-pablo\/","title":{"rendered":"Brasil: 61 personas murieron tras la ca\u00edda de un avi\u00f3n de pasajeros en el estado de San Pablo"},"content":{"rendered":"\n<p>La aeronave, en la que viajaban 4 tripulantes y 57 pasajeros, se estrell\u00f3 en la ciudad de Vinhedo. Todav\u00eda no est\u00e1n claras las causas del accidente.<\/p>\n\n\n\n<figure class=\"wp-block-image size-full is-resized\"><img loading=\"lazy\" decoding=\"async\" width=\"696\" height=\"567\" src=\"https:\/\/www.todoeldia.com\/wp-content\/uploads\/2024\/08\/Cayo-unavion-en-Brasil.jpg\" alt=\"\" class=\"wp-image-82111\" style=\"width:1068px;height:auto\" srcset=\"https:\/\/www.todoeldia.com\/wp-content\/uploads\/2024\/08\/Cayo-unavion-en-Brasil.jpg 696w, https:\/\/www.todoeldia.com\/wp-content\/uploads\/2024\/08\/Cayo-unavion-en-Brasil-300x244.jpg 300w, https:\/\/www.todoeldia.com\/wp-content\/uploads\/2024\/08\/Cayo-unavion-en-Brasil-516x420.jpg 516w\" sizes=\"auto, (max-width: 696px) 100vw, 696px\" \/><\/figure>\n\n\n\n<p>Un avi\u00f3n con 57 pasajeros y cuatro tripulantes a bordo se estrell\u00f3 el viernes en el estado brasile\u00f1o de Sao Paulo, informaron medios de Brasil. El cuerpo de bomberos local confirm\u00f3 que el accidente se produjo en la ciudad de Vinhedo, seg\u00fan el portal G1, en el complejo residencial Recanto Florido, y poco m\u00e1s tarde, la Prefectura inform\u00f3 que no hab\u00eda sobrevivientes.<\/p>\n\n\n\n<p><\/p>\n\n\n\n<figure class=\"wp-block-embed is-type-video is-provider-youtube wp-block-embed-youtube wp-embed-aspect-16-9 wp-has-aspect-ratio\"><div class=\"wp-block-embed__wrapper\">\n<iframe loading=\"lazy\" title=\"\u00a1Im\u00e1genes fuertes! Avi\u00f3n con 62 pasajeros se estrella en Brasil; captan momento exacto del impacto\" width=\"696\" height=\"392\" src=\"https:\/\/www.youtube.com\/embed\/JCHq-qqeWi0?feature=oembed\" frameborder=\"0\" allow=\"accelerometer; autoplay; clipboard-write; encrypted-media; gyroscope; picture-in-picture; web-share\" referrerpolicy=\"strict-origin-when-cross-origin\" allowfullscreen><\/iframe>\n<\/div><\/figure>\n\n\n\n<p>Por su parte, durante un acto previsto en la agenda oficial esta tarde en el sur del pa\u00eds, el presidente Lula da Silva pidi\u00f3 un minuto de silencio por todas las v\u00edctimas dado que \u201cparece que todos los pasajeros murieron\u201d.<\/p>\n\n\n\n<figure class=\"wp-block-image size-large is-resized\"><img loading=\"lazy\" decoding=\"async\" width=\"1024\" height=\"576\" src=\"https:\/\/www.todoeldia.com\/wp-content\/uploads\/2024\/08\/image-73-1024x576.png\" alt=\"\" class=\"wp-image-82118\" style=\"width:1068px;height:auto\" srcset=\"https:\/\/www.todoeldia.com\/wp-content\/uploads\/2024\/08\/image-73-1024x576.png 1024w, https:\/\/www.todoeldia.com\/wp-content\/uploads\/2024\/08\/image-73-300x169.png 300w, https:\/\/www.todoeldia.com\/wp-content\/uploads\/2024\/08\/image-73-768x432.png 768w, https:\/\/www.todoeldia.com\/wp-content\/uploads\/2024\/08\/image-73-747x420.png 747w, https:\/\/www.todoeldia.com\/wp-content\/uploads\/2024\/08\/image-73-696x392.png 696w, https:\/\/www.todoeldia.com\/wp-content\/uploads\/2024\/08\/image-73-1068x601.png 1068w, https:\/\/www.todoeldia.com\/wp-content\/uploads\/2024\/08\/image-73.png 1200w\" sizes=\"auto, (max-width: 1024px) 100vw, 1024px\" \/><\/figure>\n\n\n\n<p>La cadena de televisi\u00f3n brasile\u00f1a GloboNews mostr\u00f3 im\u00e1genes de una gran zona en llamas y humo saliendo de un aparente fuselaje del avi\u00f3n. Otras im\u00e1genes de GloboNews mostraban un avi\u00f3n que descend\u00eda verticalmente en espiral mientras que un usuario comparti\u00f3 las llamas y la densa humareda negra que sal\u00edan de la nave, que se hab\u00eda estrellado a metros de su casa, entre los \u00e1rboles.<\/p>\n","protected":false},"excerpt":{"rendered":"<p>La aeronave, en la que viajaban 4 tripulantes y 57 pasajeros, se estrell\u00f3 en la ciudad de Vinhedo. Todav\u00eda no est\u00e1n claras las causas del accidente. Un avi\u00f3n con 57 pasajeros y cuatro tripulantes a bordo se estrell\u00f3 el viernes en el estado brasile\u00f1o de Sao Paulo, informaron medios de Brasil. El cuerpo de bomberos [&hellip;]<\/p>\n","protected":false},"author":2,"featured_media":82112,"comment_status":"open","ping_status":"open","sticky":false,"template":"","format":"standard","meta":{"tdm_status":"","tdm_grid_status":"","_joinchat":[],"footnotes":""},"categories":[73],"tags":[],"class_list":{"0":"post-82110","1":"post","2":"type-post","3":"status-publish","4":"format-standard","5":"has-post-thumbnail","7":"category-noticias-general"},"amp_enabled":true,"_links":{"self":[{"href":"https:\/\/www.todoeldia.com\/index.php\/wp-json\/wp\/v2\/posts\/82110","targetHints":{"allow":["GET"]}}],"collection":[{"href":"https:\/\/www.todoeldia.com\/index.php\/wp-json\/wp\/v2\/posts"}],"about":[{"href":"https:\/\/www.todoeldia.com\/index.php\/wp-json\/wp\/v2\/types\/post"}],"author":[{"embeddable":true,"href":"https:\/\/www.todoeldia.com\/index.php\/wp-json\/wp\/v2\/users\/2"}],"replies":[{"embeddable":true,"href":"https:\/\/www.todoeldia.com\/index.php\/wp-json\/wp\/v2\/comments?post=82110"}],"version-history":[{"count":2,"href":"https:\/\/www.todoeldia.com\/index.php\/wp-json\/wp\/v2\/posts\/82110\/revisions"}],"predecessor-version":[{"id":82119,"href":"https:\/\/www.todoeldia.com\/index.php\/wp-json\/wp\/v2\/posts\/82110\/revisions\/82119"}],"wp:featuredmedia":[{"embeddable":true,"href":"https:\/\/www.todoeldia.com\/index.php\/wp-json\/wp\/v2\/media\/82112"}],"wp:attachment":[{"href":"https:\/\/www.todoeldia.com\/index.php\/wp-json\/wp\/v2\/media?parent=82110"}],"wp:term":[{"taxonomy":"category","embeddable":true,"href":"https:\/\/www.todoeldia.com\/index.php\/wp-json\/wp\/v2\/categories?post=82110"},{"taxonomy":"post_tag","embeddable":true,"href":"https:\/\/www.todoeldia.com\/index.php\/wp-json\/wp\/v2\/tags?post=82110"}],"curies":[{"name":"wp","href":"https:\/\/api.w.org\/{rel}","templated":true}]}}