{"id":82131,"date":"2024-08-09T20:23:10","date_gmt":"2024-08-09T23:23:10","guid":{"rendered":"https:\/\/www.todoeldia.com\/?p=82131"},"modified":"2024-08-09T20:23:10","modified_gmt":"2024-08-09T23:23:10","slug":"metieron-preso-al-delincuente-que-tenia-a-mal-traer-a-los-vecinos-del-huaico","status":"publish","type":"post","link":"https:\/\/www.todoeldia.com\/index.php\/2024\/08\/09\/metieron-preso-al-delincuente-que-tenia-a-mal-traer-a-los-vecinos-del-huaico\/","title":{"rendered":"Metieron preso al delincuente que ten\u00eda a mal traer a los vecinos del Huaico"},"content":{"rendered":"\n<p>La fiscal penal de la Unidad de Robos y Hurtos, Mar\u00eda Eugenia Guzm\u00e1n, imput\u00f3 de forma provisional a un hombre de 28 a\u00f1os como autor del delito de robo con efracci\u00f3n (dos hechos) en concurso real.<\/p>\n\n\n\n<p>La investigaci\u00f3n inici\u00f3 ante dos denuncias realizadas por vecinos de barrio El Huaico de la ciudad de Salta, quienes fueron v\u00edctimas de il\u00edcitos contra su propiedad en los meses de junio y julio y con la misma modalidad.<\/p>\n\n\n\n<p>En uno de los casos, tras ejercer violencia, ingresaron en una casa en ausencia de sus moradores y sustrajeron dinero, electrodom\u00e9sticos, herramientas, entre otros bienes y en el segundo caso, se llevaron dos televisores, una computadora, prendas de vestir, dinero y joyas.<\/p>\n\n\n\n<p>Del trabajo realizado por personal del Grupo Investigativo del Sector 1, que incluy\u00f3 relevamiento de testigos, an\u00e1lisis de c\u00e1maras de seguridad y otras diligencias, se logr\u00f3 identificar al acusado como el principal sospechoso. En los \u00faltimos d\u00edas, se produjo su detenci\u00f3n y el secuestro de una motocicleta que hab\u00eda sido adquirida recientemente.<\/p>\n\n\n\n<p>Se pudo conocer que el acusado se encuentra individualizado en los grupos de vecinos como una persona que merodeaba en la zona y que estar\u00eda vinculado a otros hechos il\u00edcitos cometidos en la zona en horas diurnas, aprovechando la ausencia de los moradores por cuestiones laborales.<\/p>\n\n\n\n<p>Se realizaron 9 allanamientos en domicilios vinculados al investigado. Durante estos operativos, se secuestraron vestimentas, dinero en moneda nacional y extranjera, joyas, un televisor, una guitarra, una moto y un casco.<\/p>\n","protected":false},"excerpt":{"rendered":"<p>La fiscal penal de la Unidad de Robos y Hurtos, Mar\u00eda Eugenia Guzm\u00e1n, imput\u00f3 de forma provisional a un hombre de 28 a\u00f1os como autor del delito de robo con efracci\u00f3n (dos hechos) en concurso real. La investigaci\u00f3n inici\u00f3 ante dos denuncias realizadas por vecinos de barrio El Huaico de la ciudad de Salta, quienes [&hellip;]<\/p>\n","protected":false},"author":2,"featured_media":25183,"comment_status":"open","ping_status":"open","sticky":false,"template":"","format":"standard","meta":{"tdm_status":"","tdm_grid_status":"","_joinchat":[],"footnotes":""},"categories":[63],"tags":[],"class_list":{"0":"post-82131","1":"post","2":"type-post","3":"status-publish","4":"format-standard","5":"has-post-thumbnail","7":"category-policiales"},"amp_enabled":true,"_links":{"self":[{"href":"https:\/\/www.todoeldia.com\/index.php\/wp-json\/wp\/v2\/posts\/82131","targetHints":{"allow":["GET"]}}],"collection":[{"href":"https:\/\/www.todoeldia.com\/index.php\/wp-json\/wp\/v2\/posts"}],"about":[{"href":"https:\/\/www.todoeldia.com\/index.php\/wp-json\/wp\/v2\/types\/post"}],"author":[{"embeddable":true,"href":"https:\/\/www.todoeldia.com\/index.php\/wp-json\/wp\/v2\/users\/2"}],"replies":[{"embeddable":true,"href":"https:\/\/www.todoeldia.com\/index.php\/wp-json\/wp\/v2\/comments?post=82131"}],"version-history":[{"count":1,"href":"https:\/\/www.todoeldia.com\/index.php\/wp-json\/wp\/v2\/posts\/82131\/revisions"}],"predecessor-version":[{"id":82132,"href":"https:\/\/www.todoeldia.com\/index.php\/wp-json\/wp\/v2\/posts\/82131\/revisions\/82132"}],"wp:featuredmedia":[{"embeddable":true,"href":"https:\/\/www.todoeldia.com\/index.php\/wp-json\/wp\/v2\/media\/25183"}],"wp:attachment":[{"href":"https:\/\/www.todoeldia.com\/index.php\/wp-json\/wp\/v2\/media?parent=82131"}],"wp:term":[{"taxonomy":"category","embeddable":true,"href":"https:\/\/www.todoeldia.com\/index.php\/wp-json\/wp\/v2\/categories?post=82131"},{"taxonomy":"post_tag","embeddable":true,"href":"https:\/\/www.todoeldia.com\/index.php\/wp-json\/wp\/v2\/tags?post=82131"}],"curies":[{"name":"wp","href":"https:\/\/api.w.org\/{rel}","templated":true}]}}