{"id":82137,"date":"2024-08-10T10:52:33","date_gmt":"2024-08-10T13:52:33","guid":{"rendered":"https:\/\/www.todoeldia.com\/?p=82137"},"modified":"2024-08-10T10:52:34","modified_gmt":"2024-08-10T13:52:34","slug":"la-policia-fue-a-la-casa-por-violencia-domestica-y-un-hombre-le-quito-el-arma-a-un-efectivo-y-se-mato","status":"publish","type":"post","link":"https:\/\/www.todoeldia.com\/index.php\/2024\/08\/10\/la-policia-fue-a-la-casa-por-violencia-domestica-y-un-hombre-le-quito-el-arma-a-un-efectivo-y-se-mato\/","title":{"rendered":"La Polic\u00eda fue a la casa por violencia dom\u00e9stica y un hombre le quito el arma a un efectivo y se mato"},"content":{"rendered":"\n<p>Ocurri\u00f3 cuando personal policial se present\u00f3 en un domicilio tras una denuncia por violencia familiar y el denunciado reaccion\u00f3 de manera violenta, arrebat\u00e1ndole el arma reglamentaria a uno de los efectivos y tras una tensa situaci\u00f3n, se habr\u00eda efectuado un disparo con el que perdi\u00f3 la vida.<\/p>\n\n\n\n<p>El fiscal penal de Rosario de la Frontera, Oscar L\u00f3pez Ibarra, investiga un hecho ocurrido este viernes en la localidad de El Jard\u00edn, donde una mujer denunci\u00f3 a su pareja, con quien mantuvo una relaci\u00f3n de m\u00e1s de 20 a\u00f1os, por ejercer violencia f\u00edsica y psicol\u00f3gica en su contra y amenazarla con armas que tendr\u00eda en su poder.<\/p>\n\n\n\n<p>Desde la Fiscal\u00eda se solicit\u00f3 al Juzgado de Garant\u00edas 2 del distrito, la detenci\u00f3n el acusado, quien registra antecedentes de violencia. Cuando personal policial se present\u00f3 en el domicilio de la pareja, ingresaron con autorizaci\u00f3n de la denunciante y \u00e9ste reaccion\u00f3 de manera violenta, resisti\u00e9ndose a ser detenido y en el forcejeo, le arrebat\u00f3 el arma reglamentaria a uno de los efectivos y se refugi\u00f3 en un entrepiso, donde horas m\u00e1s tarde, se habr\u00eda efectuado un disparo en la zona tor\u00e1cica y perdi\u00f3 la vida.<\/p>\n\n\n\n<p>El fiscal L\u00f3pez Ibarra dispuso el cumplimiento de todas las medidas de rigor en el lugar, a fin de esclarecer lo sucedido y que se realice la autopsia del fallecido.<\/p>\n","protected":false},"excerpt":{"rendered":"<p>Ocurri\u00f3 cuando personal policial se present\u00f3 en un domicilio tras una denuncia por violencia familiar y el denunciado reaccion\u00f3 de manera violenta, arrebat\u00e1ndole el arma reglamentaria a uno de los efectivos y tras una tensa situaci\u00f3n, se habr\u00eda efectuado un disparo con el que perdi\u00f3 la vida. El fiscal penal de Rosario de la Frontera, [&hellip;]<\/p>\n","protected":false},"author":2,"featured_media":63473,"comment_status":"open","ping_status":"open","sticky":false,"template":"","format":"standard","meta":{"tdm_status":"","tdm_grid_status":"","_joinchat":[],"footnotes":""},"categories":[63],"tags":[],"class_list":{"0":"post-82137","1":"post","2":"type-post","3":"status-publish","4":"format-standard","5":"has-post-thumbnail","7":"category-policiales"},"amp_enabled":true,"_links":{"self":[{"href":"https:\/\/www.todoeldia.com\/index.php\/wp-json\/wp\/v2\/posts\/82137","targetHints":{"allow":["GET"]}}],"collection":[{"href":"https:\/\/www.todoeldia.com\/index.php\/wp-json\/wp\/v2\/posts"}],"about":[{"href":"https:\/\/www.todoeldia.com\/index.php\/wp-json\/wp\/v2\/types\/post"}],"author":[{"embeddable":true,"href":"https:\/\/www.todoeldia.com\/index.php\/wp-json\/wp\/v2\/users\/2"}],"replies":[{"embeddable":true,"href":"https:\/\/www.todoeldia.com\/index.php\/wp-json\/wp\/v2\/comments?post=82137"}],"version-history":[{"count":1,"href":"https:\/\/www.todoeldia.com\/index.php\/wp-json\/wp\/v2\/posts\/82137\/revisions"}],"predecessor-version":[{"id":82138,"href":"https:\/\/www.todoeldia.com\/index.php\/wp-json\/wp\/v2\/posts\/82137\/revisions\/82138"}],"wp:featuredmedia":[{"embeddable":true,"href":"https:\/\/www.todoeldia.com\/index.php\/wp-json\/wp\/v2\/media\/63473"}],"wp:attachment":[{"href":"https:\/\/www.todoeldia.com\/index.php\/wp-json\/wp\/v2\/media?parent=82137"}],"wp:term":[{"taxonomy":"category","embeddable":true,"href":"https:\/\/www.todoeldia.com\/index.php\/wp-json\/wp\/v2\/categories?post=82137"},{"taxonomy":"post_tag","embeddable":true,"href":"https:\/\/www.todoeldia.com\/index.php\/wp-json\/wp\/v2\/tags?post=82137"}],"curies":[{"name":"wp","href":"https:\/\/api.w.org\/{rel}","templated":true}]}}