{"id":82142,"date":"2024-08-10T23:26:07","date_gmt":"2024-08-11T02:26:07","guid":{"rendered":"https:\/\/www.todoeldia.com\/?p=82142"},"modified":"2024-08-10T23:26:08","modified_gmt":"2024-08-11T02:26:08","slug":"por-primera-vez-hablo-fabiola-yanez-esos-videos-que-aparecieron-son-poca-cosa-al-lado-de-lo-que-hizo","status":"publish","type":"post","link":"https:\/\/www.todoeldia.com\/index.php\/2024\/08\/10\/por-primera-vez-hablo-fabiola-yanez-esos-videos-que-aparecieron-son-poca-cosa-al-lado-de-lo-que-hizo\/","title":{"rendered":"Por primera vez habl\u00f3 Fabiola Ya\u00f1ez. &#8220;esos videos que aparecieron son poca cosa al lado de lo que hizo\u201d"},"content":{"rendered":"\n<p>La ex primera dama cont\u00f3 por primera vez su intimidad durante los d\u00edas de encierro en la Quinta de Olivos: las peleas con el ex presidente, la fiesta de su cumplea\u00f1os, las infidelidades y los pedidos de ayuda que nadie respondi\u00f3.<\/p>\n\n\n\n<p>Fabiola Ya\u00f1ez se desplaz\u00f3 hacia el coraz\u00f3n de Madrid cuidando con celo el anonimato para su entrevista con Infobae, sabedora de la repercusi\u00f3n de su reci\u00e9n conocida denuncia contra Alberto Fern\u00e1ndez por violencia de g\u00e9nero. El encuentro tuvo lugar en la Gran V\u00eda, en un sal\u00f3n del hotel Emperador. Vestida de blanco, la ex primera dama bebi\u00f3 un generoso trago de agua antes de comenzar a hablar. Apenas se conoc\u00eda su voz, y fue ya desde las primeras palabras que pronunci\u00f3, cuando se quebr\u00f3. Teme por su hijo: \u201dJam\u00e1s hubiera querido exponerlo\u201d, lament\u00f3, en referencia a las fotograf\u00edas que han trascendido con su rostro golpeado. El temor contin\u00faa en el presente, en su casa en la capital espa\u00f1ola: \u201cYo hoy no pod\u00eda salir. Pusieron inhibidores que hac\u00edan que el auto se apagara\u201d. No sabe qui\u00e9n es el responsable de estas intimidaciones, pero desea que la justicia se encargue de investigar.<\/p>\n\n\n\n<figure class=\"wp-block-embed is-type-video is-provider-youtube wp-block-embed-youtube wp-embed-aspect-16-9 wp-has-aspect-ratio\"><div class=\"wp-block-embed__wrapper\">\n<iframe loading=\"lazy\" title=\"Fabiola Y\u00e1\u00f1ez revela detalles de su vida junto a Alberto Fern\u00e1ndez | Entrevista completa\" width=\"696\" height=\"392\" src=\"https:\/\/www.youtube.com\/embed\/pWipOxI4fVc?feature=oembed\" frameborder=\"0\" allow=\"accelerometer; autoplay; clipboard-write; encrypted-media; gyroscope; picture-in-picture; web-share\" referrerpolicy=\"strict-origin-when-cross-origin\" allowfullscreen><\/iframe>\n<\/div><\/figure>\n\n\n\n<p>Adem\u00e1s del que abre la nota, a lo largo de esta entrevista, se incluyen varios videos de la misma, en los que la ex pareja de Alberto Fern\u00e1ndez detalla las violencias que sufri\u00f3, las infidelidades, la indiferencia del entorno y hasta las acusaciones de que fue v\u00edctima, adem\u00e1s de desmetir rumores sobre su vida en Madrid y replicar las versiones acerca de la paternidad de su hijo.<\/p>\n\n\n\n<p>\u201cMi familia est\u00e1 sufriendo, separada; separada porque mi mam\u00e1 est\u00e1 conmigo\u201d. Revel\u00f3 Ya\u00f1ez que su madre es la \u00fanica persona que la est\u00e1 \u201csosteniendo\u201d en Espa\u00f1a, que no tiene \u201cempleados ni ni\u00f1era\u201d, como dijo haber le\u00eddo en medios. \u201cSolas otra vez, y en Olivos tambi\u00e9n estuve sola. Siempre estuve sola\u201d, afirm\u00f3. Y no puede trabajar, asegur\u00f3, mientras tiene que soportar rumores de que pasea por las calles m\u00e1s exclusivas de Madrid. \u201cViv\u00ed una situaci\u00f3n muy horrible cuando \u00e9l -Alberto Fern\u00e1ndez- dijo que mi mam\u00e1 y mi hermanita eran&#8230; no voy a decir la palabra que utiliz\u00f3. Dijo que \u00e9l estaba manteni\u00e9ndolas\u201d, relat\u00f3, angustiada sobre el impacto de esa frase sobre sus seres queridos.<\/p>\n\n\n\n<p>Confes\u00f3 que el disparador de la denuncia contra Alberto Fern\u00e1ndez fue el \u201cacoso telef\u00f3nico, terrorismo psicol\u00f3gico\u201d. \u201cEstuvo durante dos meses amenaz\u00e1ndome d\u00eda por medio con que si yo hac\u00eda esto, si hac\u00eda lo otro, se iba a suicidar\u201d, detall\u00f3. En medio de esas traum\u00e1ticas vivencias, su hipertensi\u00f3n se descontrol\u00f3, al punto de sufrir picos de presi\u00f3n que la llevaron a terminar internada en Espa\u00f1a.<\/p>\n\n\n\n<p>Estas s\u00f3lo son las primeras confesiones de una mujer a la que \u201cla gente no conoci\u00f3\u201d y \u201ca la que nunca nadie defendi\u00f3\u201d, se quej\u00f3. En la Quinta de Olivos era el trabajo social, su tarea como primera dama, lo que la \u201cmanten\u00eda en pie, y lo hac\u00eda con todo el amor del mundo\u201d. En lo dem\u00e1s, nadie le dio su ayuda, tampoco el Ministerio de la Mujer, tampoco los pol\u00edticos del entorno \u00edntimo, que sab\u00edan lo que pasaba, subray\u00f3. Hoy, en el Emperador con Infobae, y aunque nerviosa por lo vivido y la dureza de rememorarlo, proclam\u00f3: \u201cYo necesito estar \u00edntegra para mi hijo y durante mucho tiempo en Olivos no lo estuve. Pero hoy me siento m\u00e1s fuerte que nunca.\u201d Y al mismo tiempo dijo: \u201cYo he cuidado a este hombre de tantas cosas. Esos videos que aparecieron el otro d\u00eda son poca cosa al lado de lo que hizo\u201d.<\/p>\n\n\n\n<p>\u2014\u00bfC\u00f3mo est\u00e1s?<\/p>\n\n\n\n<p>\u2014 No, no s\u00e9. No hay palabras. No, no s\u00e9. Estoy pasando un momento como nunca antes imagin\u00e9. Por algo que no sali\u00f3 de m\u00ed. Que sali\u00f3 a ra\u00edz de la consecuencia de una causa. Sale del tel\u00e9fono de otra persona. Yo nunca hubiese hecho una cosa como \u00e9sta porque jam\u00e1s hubiese querido exponer a mi hijo o que mi hijo tenga que ver algo de esto alg\u00fan d\u00eda en su vida. Y ahora lo va a tener que ver. Y no sali\u00f3 de m\u00ed. Sali\u00f3 de un tel\u00e9fono de una causa por corrupci\u00f3n.<\/p>\n\n\n\n<figure class=\"wp-block-image size-full is-resized\"><img loading=\"lazy\" decoding=\"async\" width=\"800\" height=\"450\" src=\"https:\/\/www.todoeldia.com\/wp-content\/uploads\/2024\/08\/fabiola-golpeada.jpg\" alt=\"\" class=\"wp-image-82067\" style=\"width:1068px;height:auto\" srcset=\"https:\/\/www.todoeldia.com\/wp-content\/uploads\/2024\/08\/fabiola-golpeada.jpg 800w, https:\/\/www.todoeldia.com\/wp-content\/uploads\/2024\/08\/fabiola-golpeada-300x169.jpg 300w, https:\/\/www.todoeldia.com\/wp-content\/uploads\/2024\/08\/fabiola-golpeada-768x432.jpg 768w, https:\/\/www.todoeldia.com\/wp-content\/uploads\/2024\/08\/fabiola-golpeada-747x420.jpg 747w, https:\/\/www.todoeldia.com\/wp-content\/uploads\/2024\/08\/fabiola-golpeada-696x392.jpg 696w\" sizes=\"auto, (max-width: 800px) 100vw, 800px\" \/><\/figure>\n\n\n\n<p>\u2014\u00bfC\u00f3mo est\u00e1s con tener que revivir finalmente algo que fue un dolor enorme?<\/p>\n\n\n\n<p>\u2014 Fue tremendo durante muchos a\u00f1os, pero hoy tambi\u00e9n tengo un poco de calma al haber grabado este documental que grab\u00e9. Las personas que lo hicieron, que estuvieron conmigo, me dieron tanta seguridad y tanta libertad para expresarme y dejar fluir todo, todo lo referido a lo que ha pasado conmigo, con mi imagen. Yo no puedo trabajar hoy. Porque hab\u00eda 45 millones de argentinos con indignaci\u00f3n -y lo entiendo &#8211; por un mont\u00f3n de cosas. Pero tambi\u00e9n hay otra cuesti\u00f3n: a m\u00ed no me dejaban hablar. Cualquiera dijo de m\u00ed lo que quiso en televisi\u00f3n, en radio, en los diarios, en donde sea. Jam\u00e1s nadie sali\u00f3 a defenderme, nadie me defendi\u00f3. Lo \u00fanico que que yo recib\u00eda como respuesta de la persona encargada de la prensa presidencial era: \u201cNo les contestes porque les das entidad\u201d. Entonces la gente no conoce mi voz. La gente no conoce mi trabajo, no conoce nada de m\u00ed. La gente no me conoci\u00f3.<\/p>\n\n\n\n<p>\u2014 Hiciste trabajo social en tus a\u00f1os de primera dama.<\/p>\n\n\n\n<p>\u2014 Era lo que me manten\u00eda en pie. Y adem\u00e1s lo hac\u00eda con todo el amor del mundo. Y toda la gente con la que trabaj\u00e9, que me conoce, sabe lo que hice a cambio de nada, porque ni siquiera se publicaban las cosas que yo hac\u00eda. \u00bfPor qu\u00e9? Porque siempre me tuvieron relegada. \u00bfCu\u00e1ntas primeras damas hay en el mundo a las que el Papa (Francisco) recibe siete o cinco veces?, ya ni me acuerdo.<\/p>\n\n\n\n<p>\u2014\u00bfApoy\u00f3 tu trabajo?<\/p>\n\n\n\n<p>\u2014S\u00ed, apoy\u00f3 mi campa\u00f1a en contra del bullying, fue quien me ayud\u00f3 a lanzarla internacionalmente.<\/p>\n\n\n\n<p>\u2014 \u00bfQu\u00e9 te dec\u00eda tu ex pareja, Alberto Fern\u00e1ndez, de eso?<\/p>\n\n\n\n<p>\u2014 Que yo ten\u00eda que hacer lo que esta persona encargada de esa \u00e1rea dec\u00eda, porque ellos sab\u00edan lo que dec\u00edan y que yo ten\u00eda que quedarme callada.<\/p>\n\n\n\n<p>\u2014 Yendo para atr\u00e1s, \u00bfhubo una historia de amor al principio?<\/p>\n\n\n\n<p>\u2014 S\u00ed, muchos a\u00f1os. M\u00e1s de 14 a\u00f1os. Me acordaba ayer. Esa foto en las redes sociales del compromiso que fue en Par\u00eds el 14 de mayo del 2016\u2026<\/p>\n\n\n\n<p>\u2014 \u00bfY qu\u00e9 pas\u00f3 despu\u00e9s?<\/p>\n\n\n\n<p>\u2014 No puedo contar exactamente lo que pas\u00f3. Todas estas cuestiones las manifest\u00e9 en el material que se grab\u00f3. Y as\u00ed como yo ten\u00eda que resguardar mi integridad, por el miedo que tengo&#8230; hoy no pod\u00eda salir de mi casa, pusieron inhibidores para que yo no pudiera salir de mi casa. Inhibidores que hac\u00edan que el auto se apagara.<\/p>\n\n\n\n<p>\u2014 \u00bfQui\u00e9n hace eso?<\/p>\n\n\n\n<p>\u2014 No lo s\u00e9. Deber\u00e1 investigar la justicia porque yo no s\u00e9 por qu\u00e9 sucedi\u00f3 eso.<\/p>\n\n\n\n<p>\u2014 \u00bfPor qu\u00e9 pod\u00e9s contar lo que pas\u00f3?<\/p>\n\n\n\n<p>\u2014 Porque tengo que resguardarme y porque tengo miedo. Hoy tengo miedo de volver a mi casa. \u00bfQu\u00e9 voy a hacer con mi hijo? \u00bfPor qu\u00e9 inhibieron todo el lugar? Para que no pudiera salir de mi casa. \u00bfC\u00f3mo vuelvo? \u00bfQu\u00e9 hago con mi hijo y con mi mam\u00e1? Bueno, por ese miedo y por lo que grab\u00e9 con quienes firmamos un contrato de confidencialidad.<\/p>\n\n\n\n<p>\u2014 \u00bfC\u00f3mo es tu vida ac\u00e1, en Madrid?<\/p>\n\n\n\n<p>\u2014 \u00bfMi vida? Han dicho que vivo una vida de lujo. Yo no tengo empleada y no tengo ni\u00f1era. Mi mam\u00e1 es la que me ayuda con mi hijo y es la que est\u00e1 sosteniendo todo. Dijeron que me vieron caminando por calles donde est\u00e1n las marcas de lujo, mas jam\u00e1s fui a caminar a ninguna de esas calles. Eso es mentira porque yo no puedo caminar por la calle.<\/p>\n\n\n\n<p>Fabiola Ya\u00f1ez cont\u00f3 c\u00f3mo es hoy su vida en Madrid<\/p>\n\n\n\n<p>\u2014 \u00bfQu\u00e9 te pas\u00f3 cuando viste las fotos?<\/p>\n\n\n\n<p>\u2014 Me destru\u00ed, pero me destru\u00ed por mi hijo. Yo jam\u00e1s hubiese querido que saliera una foto as\u00ed de m\u00ed. \u00bfQu\u00e9 mujer se quiere ver en todos los programas de televisi\u00f3n y en los medios del mundo as\u00ed? No entiendo c\u00f3mo se filtraron los chats y que se guardaran la foto para el \u00faltimo momento&#8230; (llora y pide un pa\u00f1uelo\u2026retoma al minuto). Creo que no hay una mujer en el mundo que quiera verse as\u00ed. Hay otras causas sobre violencia que siempre van por lo privado. Entonces sus hijos no lo van a ver, ni su familia. Mi familia est\u00e1 sufriendo por ver esto. Tengo a mi familia toda separada porque mi mam\u00e1 tuvo que venir a apoyarme a m\u00ed hace m\u00e1s de un a\u00f1o y medio. Tuvo que dejar a su esposo, alejarse de su hija, de mi hermanita que tiene 17 a\u00f1os y estaba terminando el secundario. Y ac\u00e1 estamos solas, obviamente. Y en Olivos yo siempre estuve sola, porque mi familia viv\u00eda a m\u00e1s de mil kil\u00f3metros. Yo siempre estuve sola.<\/p>\n\n\n\n<p>\u2014 Reci\u00e9n te preguntaba sobre tu historia de amor, \u00bfEn qu\u00e9 momento se rompe? \u00bfEn qu\u00e9 momento cambia?<\/p>\n\n\n\n<p>\u2014 Bueno, sucedi\u00f3 una cosa muy importante, despu\u00e9s del 14 de mayo pero no te la puedo contar\u2026<\/p>\n\n\n\n<p>\u2014 Esto empieza antes de la Presidencia\u2026<\/p>\n\n\n\n<p>\u2014 Claro que s\u00ed.<\/p>\n\n\n\n<p>\u2014 Vimos que sufriste violencia f\u00edsica. \u00bfSufriste otros tipos de violencia?<\/p>\n\n\n\n<p>\u2014 S\u00ed, otra violencia a la que estuve sometida durante much\u00edsimo tiempo como es el acoso telef\u00f3nico. Terrorismo psicol\u00f3gico. Esta persona estuvo durante dos meses &#8211; est\u00e1n todos los chats y muchas personas lo saben &#8211; amenaz\u00e1ndome d\u00eda por medio con que si yo hac\u00eda esto, si hac\u00eda lo otro, que se iba a suicidar. Eso no se hace, eso es un delito. \u00bfC\u00f3mo voy a estar yo entera para mi hijo si tengo a una persona dici\u00e9ndome esas cosas? D\u00eda por medio, durante dos meses. Pero fue lo \u00faltimo que esta persona hizo.<\/p>\n\n\n\n<p>\u2014 \u00bfAlberto Fern\u00e1ndez, ex presidente, tu ex pareja, te amenazaba concretamente con suicidarse?<\/p>\n\n\n\n<p>\u2014 S\u00ed, concretamente con suicidarse, reiteradas veces.<\/p>\n\n\n\n<p>\u2014 \u00bfQu\u00e9 te ped\u00eda? \u00bfQue no hablaras? \u00bfQue volvieras con \u00e9l?<\/p>\n\n\n\n<p>\u2014 Esas cosas no las puedo decir porque est\u00e1n dentro de lo que es la causa.<\/p>\n\n\n\n<p>\u2014 \u00bfViviste violencia econ\u00f3mica?<\/p>\n\n\n\n<p>\u2014 La verdad es que no, pero s\u00ed viv\u00ed una situaci\u00f3n muy horrible. Cuando \u00e9l no se dio cuenta que me estaba hablando, ten\u00eda el tel\u00e9fono en altavoz y \u00e9l dijo que mi mam\u00e1 y mi hermanita eran\u2026 No voy a decir la palabra que utiliz\u00f3\u2026 que las estaba manteniendo. Cuando no tengo ni una empleada. Eso fue una manera de reclamarme una cuesti\u00f3n econ\u00f3mica y despreciar a mi familia tambi\u00e9n. Mi hermana lo escuch\u00f3 y se larg\u00f3 a llorar.<\/p>\n\n\n\n<p>\u2014 \u00bfSufriste alg\u00fan tipo de violencia sexual?<\/p>\n\n\n\n<p>\u2014 No puedo. No puedo hablar de esas cosas.<\/p>\n\n\n\n<p>\u2014 En los chats habl\u00e1s de un evento en particular en el que dec\u00eds que te estuvo lastimando durante tres d\u00edas\u2026<\/p>\n\n\n\n<p>\u2014 No puedo hablar. Eso est\u00e1 dentro de la causa y del secreto de sumario.<\/p>\n\n\n\n<p>\u2014 Por la fecha del chat todo indicar\u00eda que esto fue cuando vos estabas embarazada, \u00bfno?<\/p>\n\n\n\n<p>\u2014 En realidad, lo peor fue el \u00faltimo a\u00f1o cuando me voy a vivir a la casa de hu\u00e9spedes.<\/p>\n\n\n\n<p>Fabiola Ya\u00f1ez dio detalles de la violencia que sufri\u00f3 por parte de Alberto Fern\u00e1ndez<\/p>\n\n\n\n<p>\u2014 \u00bfTe vas con tu beb\u00e9 a la casa de hu\u00e9spedes?<\/p>\n\n\n\n<p>\u2014 Tuve que salir en pantuflas y bata e irme a la casa de hu\u00e9spedes.<\/p>\n\n\n\n<p>\u2014 \u00bfTe sent\u00edas en peligro?<\/p>\n\n\n\n<p>\u2014 No, pero no soportaba m\u00e1s. \u00bfC\u00f3mo una persona con tanta impunidad te hace una cosa as\u00ed? Entonces ni siquiera le contestaba. Agarraba, me pon\u00eda la bata, las pantuflas y me iba a la casa de hu\u00e9spedes. Y despu\u00e9s tom\u00e9 la decisi\u00f3n. En julio m\u00e1s o menos. Cuando empezaron a decir que est\u00e1bamos separados, era verdad. Solo que no lo quer\u00edan decir. Entonces, obviamente, si yo me iba de Olivos iba a ser un esc\u00e1ndalo. Entonces, todav\u00eda queri\u00e9ndolo ayudar, queri\u00e9ndolo ayudar, me voy a vivir a la casa de hu\u00e9spedes, donde \u00e9l cada vez que llegaba abr\u00eda la puerta. Pero no es que me golpeaba la puerta para entrar. Abr\u00eda la puerta as\u00ed, de un portazo. Y yo ah\u00ed viv\u00ed con mi hijo el \u00faltimo tiempo. Entonces empezaron desde antes de agosto, todas las semanas, a darme un cuento distinto: \u201cMa\u00f1ana te vas\u201d, y as\u00ed. Pero no me dejaron ir hasta el 2 de diciembre.<\/p>\n\n\n\n<p>\u2014 \u00bfEstuviste cautiva en Olivos?<\/p>\n\n\n\n<p>\u2014 No porque igual tampoco es que sal\u00eda mucho, ustedes saben. A m\u00ed jam\u00e1s nadie me vio en un restaurante, en un bar. Jam\u00e1s, porque nunca sal\u00ed a hacer esas cosas. Simplemente iba a la casa de una amiga. Pero me quer\u00eda ir y no pod\u00eda. Me inventaban una cosa todas las semanas para irme llevando.<\/p>\n\n\n\n<p>\u2014 \u00bfPor ejemplo, qu\u00e9 te dec\u00edan?<\/p>\n\n\n\n<p>\u2014 Cosas como: \u201cMa\u00f1ana arreglamos el avi\u00f3n, para que puedas viajar de la forma m\u00e1s segura\u201d, y no s\u00e9 cu\u00e1nto m\u00e1s para viajar a Madrid. El destino no lo eleg\u00ed yo. \u00c9l lo eligi\u00f3 por su comodidad. Y as\u00ed hasta el 2 de diciembre. Entonces del pa\u00eds no pude salir nunca.<\/p>\n\n\n\n<p>\u2014 Ese tiempo en la casa de hu\u00e9spedes con tu beb\u00e9, \u00bfsufr\u00edas violencia?<\/p>\n\n\n\n<p>\u2014 Y&#8230; que una persona entre a tu intimidad hasta abrir no solo la puerta de entrada sino la de la habitaci\u00f3n para ver qu\u00e9 estaba haciendo, qu\u00e9 pod\u00eda estar haciendo&#8230;<\/p>\n\n\n\n<p>\u2014 \u00bfTe doli\u00f3 revivirlo, m\u00e1s all\u00e1 de Francisco? \u00bfRecordarte en esas situaciones?<\/p>\n\n\n\n<p>\u2014 S\u00ed. Al revivir todas esas cosas que pasaron me di cuenta que no era normal.<\/p>\n\n\n\n<p>\u2014 \u00bfReci\u00e9n ah\u00ed te diste cuenta?<\/p>\n\n\n\n<p>\u2014 S\u00ed, porque ah\u00ed es donde me desahogu\u00e9 realmente.<\/p>\n\n\n\n<p>\u2014 La primera vez que te contacta el juez Juli\u00e1n Ercolini decid\u00eds no hacer la denuncia\u2026<\/p>\n\n\n\n<p>\u2014 Me pidieron que no lo haga\u2026<\/p>\n\n\n\n<p>\u2014 \u00bfQui\u00e9n?<\/p>\n\n\n\n<p>\u2014 Era una situaci\u00f3n bastante inc\u00f3moda. Me llama el juez. Quer\u00eda hacer todo r\u00e1pido, todo apurado. En menos de cuatro horas me armaron una audiencia. Entonces, en ese momento, y adem\u00e1s porque me pidieron que no lo hiciera, m\u00e1s que no sab\u00eda qu\u00e9 hacer, dije que no.<\/p>\n\n\n\n<p>\u2014 Eso fue en los primeros d\u00edas de julio\u2026<\/p>\n\n\n\n<p>\u2014 S\u00ed. Yo ped\u00ed ayuda a varias personas. Y esas personas no me ayudaron.<\/p>\n\n\n\n<p>\u2014 En Olivos ten\u00edan que saber lo que estaba pasando\u2026<\/p>\n\n\n\n<p>\u2014 S\u00ed, obviamente.<\/p>\n\n\n\n<p>\u2014 \u00bfNadie te ofreci\u00f3 ayuda?<\/p>\n\n\n\n<p>\u2014 No, nadie. Es m\u00e1s, fui a buscar ayuda a la persona que ten\u00eda la responsabilidad de velar por eso\u2026<\/p>\n\n\n\n<p>\u2014 \u00bfAl Ministerio de la Mujer?<\/p>\n\n\n\n<p>\u2014 S\u00ed, fui y ped\u00ed ayuda. Salieron ahora a defenderse cuando no me defendieron a m\u00ed, mientras me defenestraban. Dec\u00edan barbaridades de m\u00ed. Porque ustedes son testigos de todo lo que se dijo. \u00bfCuando sali\u00f3 alguna de esas personas pertenecientes a ese ministerio? Desde el primer d\u00eda que me empezaron a maltratar, porque ustedes saben que me maltrataron durante cinco a\u00f1os. Solo se dedicaron a hablar de frivolidades y de mentiras.<\/p>\n\n\n\n<p>\u2014 Est\u00e1bamos hablando del Ministerio de la Mujer\u2026<\/p>\n\n\n\n<p>\u2014 Mostr\u00e9 y ped\u00ed ayuda. La persona las vio (las im\u00e1genes) y ahora me envi\u00f3 un mensaje diciendo: \u201cVos nunca me pediste ayuda. Dijiste que ibas a venir al ministerio\u201d. Si yo iba al ministerio, sal\u00eda en los diarios.<\/p>\n\n\n\n<p>\u2014 \u00bfQui\u00e9n es la persona?<\/p>\n\n\n\n<p>\u2014 Bueno, se imaginar\u00e1n. Me dec\u00edan: \u201cVen\u00ed a verme al despacho en alg\u00fan momento. Yo estoy con vos\u201d. Si est\u00e1s viendo una situaci\u00f3n as\u00ed, \u00bfyo tengo que ir a verte a vos?, \u00bfa tu despacho?<\/p>\n\n\n\n<p>\u2014 \u00bfEn qu\u00e9 momento fue este pedido de ayuda? \u00bfYa hab\u00eda nacido Francisco?<\/p>\n\n\n\n<p>\u2014 S\u00ed, claro. Esto fue el \u00faltimo a\u00f1o en un viaje. Pero no recuerdo exactamente la fecha.<\/p>\n\n\n\n<p>Fabiola Ya\u00f1ez pidi\u00f3 ayuda al Ministerio de la Mujer pero nadie la asisti\u00f3<\/p>\n\n\n\n<p>\u2014 La violencia f\u00edsica, \u00bfen qu\u00e9 momento empieza?<\/p>\n\n\n\n<p>\u2014 No puedo hablar de eso.<\/p>\n\n\n\n<p>\u2014 Pero antes de la presidencia.<\/p>\n\n\n\n<p>\u2014 No. Hab\u00eda otro tipo de violencia. La violencia que hab\u00eda antes era acoso. Todo el d\u00eda. Ten\u00eda que estar en el tel\u00e9fono, porque si no estaba en el tel\u00e9fono, era como que estuviera haciendo no s\u00e9 qu\u00e9 cosa. El tiempo me empez\u00f3 a llevar a quedarme cada vez m\u00e1s encerrada dentro del departamento.<\/p>\n\n\n\n<p>\u2014 \u00bfTe fuiste aislando de tus v\u00ednculos?<\/p>\n\n\n\n<p>\u2014 S\u00ed, porque no pod\u00eda ir a un restaurante con mis amigas. Porque ten\u00eda que pasar toda la noche contestando los mensajes en lugar de poder hablar con mis amigas o desahogarme un poco o divertirme como cualquier persona normal, com\u00fan y corriente. Tuve que comenzar a invitarlas aunque sea una vez por semana o cuando pod\u00edan a comer al departamento. Porque si no era insostenible. Hay testigos de eso. Y hay gente que lo sabe y que est\u00e1 dispuesta a hablar si tiene que declarar. Y no fui yo la que lo cont\u00f3. Vuelvo a repetir, porque yo he cuidado a este hombre, lo he cuidado de tantas cosas que \u00e9l ha hecho, de tantas cosas, que esos videos que aparecieron el otro d\u00eda son poca cosa al lado de las cosas que \u00e9l ha hecho.<\/p>\n\n\n\n<p>\u2014 Estamos hablando de los videos con Tamara Pettinato. \u00bfVos ya los hab\u00edas visto?<\/p>\n\n\n\n<p>\u2014 S\u00ed, claro, porque los encontr\u00e9 en el tel\u00e9fono de mi hijo. Hab\u00eda otras fotos y hab\u00eda otras personas. \u00c9l comete el error o no s\u00e9, la desprolijidad, llam\u00e9moslo como queramos. Hab\u00eda un tel\u00e9fono que no se utilizaba y con ese tel\u00e9fono yo le pon\u00eda m\u00fasica para dormir a Francisco. Ese tel\u00e9fono un d\u00eda volviendo de Chapadmalal para que el nene estuviera tranquilo, le ponemos m\u00fasica y se lo damos. El nene con un a\u00f1o y medio ya sab\u00eda c\u00f3mo se maneja. Mi mam\u00e1, que estaba al lado de \u00e9l, le saca el tel\u00e9fono y me dice: \u201cFabiola, \u00bfqu\u00e9 es esto?\u201d Y me lo entrega. Hab\u00eda una foto de una mujer desnuda. Obviamente se la hab\u00edan enviado a \u00e9l. Y empiezo a mirar y descubro que estaban esos videos.<\/p>\n\n\n\n<p>\u2014 \u00bfQu\u00e9 te pas\u00f3 a vos en ese momento?<\/p>\n\n\n\n<p>\u2014 Yo creo que a esa altura ya estaba, no s\u00e9, como adormecida, porque esto ocurr\u00eda todo el tiempo. Ocurr\u00eda todo el tiempo. El trabajo psicol\u00f3gico que hab\u00edan hecho conmigo hab\u00eda normalizado esas situaciones.<\/p>\n\n\n\n<p>\u2014 \u00bfLos enga\u00f1os ocurr\u00edan todo el tiempo?<\/p>\n\n\n\n<p>\u2014 S\u00ed.<\/p>\n\n\n\n<p>\u2014 \u00bfEsas im\u00e1genes que encontraste eran de mujeres que conoc\u00edas?<\/p>\n\n\n\n<p>\u2014 Personalmente, no las conozco. Algunas s\u00ed. \u00bfP\u00fablicamente? S\u00ed.<\/p>\n\n\n\n<p>\u2014 \u00bfLas identificaste?<\/p>\n\n\n\n<p>\u2014 S\u00ed, claro.<\/p>\n\n\n\n<p>\u2014 O sea, hay mujeres famosas en ese material.<\/p>\n\n\n\n<p>\u2014 S\u00ed, claro.<\/p>\n\n\n\n<p>\u2014 \u00bfQuieres decir los nombres?<\/p>\n\n\n\n<p>\u2014 No, porque yo no s\u00e9 exactamente c\u00f3mo llegaron ni a d\u00f3nde llegaron. Mi tel\u00e9fono obviamente debe estar intervenido de alguna manera. Creo que esa es la raz\u00f3n por la cual comienzan a aparecer todas estas cosas tambi\u00e9n.<\/p>\n\n\n\n<p>\u2014 \u00bfEncontrabas videos y fotos que confirman infidelidades que vos ya conoc\u00edas?<\/p>\n\n\n\n<p>\u2014 Es que eso ya era anecd\u00f3tico. El tema es que lo ve mi hijo.<\/p>\n\n\n\n<p>\u2014 \u00bfEntendi\u00f3? \u00bfCrees lo que estaba viendo?<\/p>\n\n\n\n<p>\u2014 Mi mam\u00e1 se lo sac\u00f3 enseguida, pero c\u00f3mo es esa desprolijidad de darle un tel\u00e9fono a un ni\u00f1o donde ten\u00e9s conectadas tus cuentas y tus cosas. O ten\u00e9s guardadas fotos o videos que grabaste o cosas que hiciste. Esto no se trata de m\u00ed, se trata de cuidar a Francisco. Y que me haya animado es porque yo necesito estar \u00edntegra para mi hijo. Por mucho tiempo no lo estuve estando en Olivos. Hoy estoy mejor. Van a decir de m\u00ed un mont\u00f3n de cosas. Pero hoy me siento m\u00e1s fuerte que nunca. Y estoy fuerte. En aquel momento yo estaba viviendo de una forma en la que no me dejaba ni siquiera poder estar \u00edntegra para mi hijo. Por eso decido irme del pa\u00eds, por mi hijo. Porque si no, no \u00edbamos a poder ir a ning\u00fan lado. Yo menos, porque a m\u00ed me destruyeron, a m\u00ed me destruyeron en vida. Yo en Argentina obviamente que no iba a poder trabajar, no iba a poder salir a la calle, iba a tener que volver a estar encerrada, a vivir encerrada como hab\u00eda vivido todo el \u00faltimo tiempo.<\/p>\n\n\n\n<p>\u2014 Estamos hablando del pap\u00e1 de tu hijo, de quien era tu pareja, y de qui\u00e9n era el presidente de la Naci\u00f3n\u2026<\/p>\n\n\n\n<p>\u2014 Por eso tambi\u00e9n tom\u00e9 la decisi\u00f3n. Por todas las mujeres que sienten que no pueden hacer nada y que son v\u00edctimas de este tipo de violencia ya sea psicol\u00f3gica y\/o f\u00edsica, la que sea. Yo no puedo permitir que esas mujeres no est\u00e9n respaldadas por algo y yo guardarme una verdad que puede ayudar a un mont\u00f3n de mujeres. Entonces por eso tambi\u00e9n lo hice. Porque no hay cosa que me duela m\u00e1s. Yo jam\u00e1s fui feminista pero la violencia hacia la mujer es una de las cosas m\u00e1s repudiables que puede existir en este mundo. Y cuestiones que quedaron en el siglo 18, en el siglo 15, como que encima te quieran hacer pasar por enferma. Si lo hicieron conmigo, \u00bfqu\u00e9 es lo que pueden hacer con esas mujeres? Por eso lo hice tambi\u00e9n.<\/p>\n\n\n\n<p>\u2014 \u00bfEn alg\u00fan momento fueron un problema en la pareja las infidelidades?<\/p>\n\n\n\n<p>\u2014 Claro que s\u00ed. Recib\u00eda cosas todos los d\u00edas, las mismas mujeres me las mandaban. Muchas mujeres me mandaban cosas al tel\u00e9fono.<\/p>\n\n\n\n<p>\u2014 \u00bf\u00c9l qu\u00e9 te dec\u00eda?<\/p>\n\n\n\n<p>\u2014 \u00c9l dec\u00eda que era una broma. Primero lo negaba, despu\u00e9s lo asum\u00eda, pero tampoco lo dejaba de hacer. Cuando le mostr\u00e9 y fui a decirle: \u201c\u00bfQu\u00e9 es esto que est\u00e1 en el tel\u00e9fono del nene?\u201d. Me dijo: \u201cAy, no, eso es una broma. Esa chica est\u00e1 todos los d\u00edas en la Casa Rosada. Y eso fue una broma. Bromea con todo el mundo\u201d. Claramente no era una broma. Encima me subestimaba. Igualmente, no hice nada.<\/p>\n\n\n\n<p>\u2014 \u00bfPor qu\u00e9?<\/p>\n\n\n\n<p>\u2014 Lo \u00fanico que quer\u00eda era irme. No quer\u00eda saber m\u00e1s nada. No me importaba ya ni discutir con \u00e9l. Me quer\u00eda ir.<\/p>\n\n\n\n<p>Fabiola Y\u00e1\u00f1ez denunci\u00f3 las infidelidades que padeci\u00f3 junto a Alberto Fern\u00e1ndez<\/p>\n\n\n\n<p>\u2014 En estos d\u00edas, pr\u00e1cticamente todo el arco pol\u00edtico sali\u00f3 a apoyarte.<\/p>\n\n\n\n<p>\u2014 Trato de no leer muchas cosas ni ver mucho porque no me hace bien.<\/p>\n\n\n\n<p>\u2014 Much\u00edsimas personas se solidarizaron con vos, por supuesto. Por eso tambi\u00e9n me interesa volver a preguntarte, \u00bfen el Ministerio de la Mujer lo sab\u00edan? \u00bfEn Olivos lo sab\u00edan? \u00bfHay alguien m\u00e1s de la pol\u00edtica que cre\u00e9es que lo sab\u00eda?<\/p>\n\n\n\n<p>\u2014 S\u00ed, hab\u00eda gente que lo sab\u00eda porque hubo alguien que se los dijo. Las personas m\u00e1s allegadas a \u00e9l s\u00ed lo sab\u00edan. Si lo sab\u00edan y no hicieron nada. He tenido que escuchar a amigos dici\u00e9ndome: \u201cTengo un cargo de conciencia porque yo lo sab\u00eda. Y yo s\u00ed ten\u00eda el poder para decirles a ellos que hicieran algo\u201d. Pero nadie hizo nada.<\/p>\n\n\n\n<p>\u2014 Para entender, un amigo tuyo que ten\u00eda llegada al c\u00edrculo \u00edntimo de Alberto Fern\u00e1ndez, \u00bfsab\u00eda lo que vos estaba sufriendo?<\/p>\n\n\n\n<p>\u2014 Su secretaria. No tengo que decir otra cosa. \u00bfQu\u00e9 m\u00e1s puedo decir?<\/p>\n\n\n\n<p>\u2014 Dijiste que te hac\u00edan pasar por enferma\u2026<\/p>\n\n\n\n<p>\u2014 S\u00ed, porque me amenazaron con eso.<\/p>\n\n\n\n<p>\u2014 \u00bfQu\u00e9 te dijeron?<\/p>\n\n\n\n<p>\u2014 Me amenazaron con decir que estaba enferma y que una persona iba a ayudar a que eso fuera veros\u00edmil. No voy a decir m\u00e1s nada acerca del tema porque no lo puedo decir.<\/p>\n\n\n\n<p>\u2014 En alg\u00fan momento lo vimos al ex presidente explicar la reuni\u00f3n en Olivos en pandemia que indign\u00f3 a much\u00edsima gente y te responsabiliz\u00f3 por ese hecho.<\/p>\n\n\n\n<p>\u2014 S\u00ed. Lo hizo m\u00e1s de una vez. Incluso teni\u00e9ndome sentada frente a \u00e9l en un lugar con much\u00edsima gente, \u00e9l dando una conferencia con much\u00edsimos periodistas. Y lo volvi\u00f3 a repetir estando yo sentada enfrente de \u00e9l y embarazada. Lo volvi\u00f3 a repetir. Otro juego psicol\u00f3gico que me hicieron. Como decir que perdieron las elecciones legislativas por mi culpa. Me lo repet\u00edan todos los d\u00edas. Elecciones legislativas que el peronismo hist\u00f3ricamente jam\u00e1s gan\u00f3. Me echaron la culpa. Porque \u00e9l se deslig\u00f3 de la responsabilidad de haber hecho esa reuni\u00f3n, haber estado ah\u00ed, haberlo hecho y echarme la culpa y decir que yo organic\u00e9 un brindis. Yo no organic\u00e9 ning\u00fan brindis. Eso no es verdad.<\/p>\n\n\n\n<p>\u2014 \u00bfQui\u00e9n lo organiz\u00f3?<\/p>\n\n\n\n<p>\u2014 No puedo hablar de eso. No puedo decirlo.<\/p>\n\n\n\n<p>\u2014 La gente que estaba ah\u00ed, \u00bfera amiga tuya?<\/p>\n\n\n\n<p>\u2014 Algunos. Era mucha gente que trabajaba dentro de Olivos. El personal de la Casa Rosada trabajaba en la Jefatura de Gabinete. Solo en Olivos hay 80 empleados. Entraba gente todo el tiempo, pero a trabajar. Y esa gente trabajaba, ese d\u00eda hab\u00edamos estado trabajando en una campa\u00f1a que yo hab\u00eda querido, pero bueno, nunca tuve apoyo para tantas, tantas cosas que hice. La verdad que nunca hubo apoyo desde ning\u00fan lado. Yo segu\u00ed mucho el tema social, con comedores, con ni\u00f1os, con el bullying, lugares en los que ni siquiera el Ministerio de Desarrollo Social ayudaba.<\/p>\n\n\n\n<p>\u2014 De todas maneras est\u00e1bamos en pandemia, se estaba brindando, hab\u00eda copas en la mesa.<\/p>\n\n\n\n<p>\u2014 Vuelvo a decirte, salieron a echarme la culpa por esas fotos que hab\u00edan aparecido de golpe, que se hab\u00edan guardado durante un a\u00f1o. Esto fue todo hecho, obviamente, a prop\u00f3sito. \u00bfNo? Si no, hubiese salido antes. Cre\u00edan que ganaban las elecciones y perdieron. Todos los d\u00edas se me repet\u00eda: \u201cPor culpa tuya. Perd\u00ed un gobierno por culpa tuya. Este gobierno perdi\u00f3 las elecciones por culpa tuya. Por culpa tuya. Por culpa tuya\u201d. \u00bfC\u00f3mo un gobierno va a caer por una foto m\u00eda? Por favor. Pero que te lo digan todos los d\u00edas\u2026<\/p>\n\n\n\n<p>Fabiola Ya\u00f1ez asegur\u00f3 que la destruyeron psicol\u00f3gicamente culp\u00e1ndola de la derrota electoral<\/p>\n\n\n\n<p>\u2014 A partir de lo que pas\u00f3 en las \u00faltimas semanas, trascendieron versiones y se cuestion\u00f3 o se dud\u00f3 de la paternidad de Francisco.<\/p>\n\n\n\n<p>\u2014 Que ma\u00f1ana mismo manden a alguien a hacer un ADN. Van a tener que responder ante la justicia semejantes barbaridades que han dicho.<\/p>\n\n\n\n<p>\u2014 Hay gente que plantea, desde las redes sociales, que las fotos podr\u00edan estar trucadas, o vos maquillada.<\/p>\n\n\n\n<p>\u2014 Bueno, a ver, que la gente diga y piense lo que quiera.<\/p>\n\n\n\n<p>\u2014 Tambi\u00e9n se especul\u00f3 con la foto de una fiesta de disfraces donde ten\u00e9s un parche en el ojo.<\/p>\n\n\n\n<p>\u2014 Dicen barbaridades todo el tiempo. No, eso no es as\u00ed. Ese era el disfraz.<\/p>\n\n\n\n<p>\u2014 \u00bfC\u00f3mo sigue todo?<\/p>\n\n\n\n<p>\u2014 No quiero decir m\u00e1s nada. Eso es lo \u00faltimo que quiero decir.<\/p>\n\n\n\n<p>Se apagan las c\u00e1maras y la entrevistada estalla en un llanto que se extiende por varios minutos.<\/p>\n\n\n\n<p>Fabiola Ya\u00f1ez respondi\u00f3 a las versiones que pusieron en duda la paternidad de Alberto Fern\u00e1ndez<\/p>\n","protected":false},"excerpt":{"rendered":"<p>La ex primera dama cont\u00f3 por primera vez su intimidad durante los d\u00edas de encierro en la Quinta de Olivos: las peleas con el ex presidente, la fiesta de su cumplea\u00f1os, las infidelidades y los pedidos de ayuda que nadie respondi\u00f3. Fabiola Ya\u00f1ez se desplaz\u00f3 hacia el coraz\u00f3n de Madrid cuidando con celo el anonimato [&hellip;]<\/p>\n","protected":false},"author":2,"featured_media":81710,"comment_status":"open","ping_status":"open","sticky":false,"template":"","format":"standard","meta":{"tdm_status":"","tdm_grid_status":"","_joinchat":[],"footnotes":""},"categories":[63],"tags":[],"class_list":{"0":"post-82142","1":"post","2":"type-post","3":"status-publish","4":"format-standard","5":"has-post-thumbnail","7":"category-policiales"},"amp_enabled":true,"_links":{"self":[{"href":"https:\/\/www.todoeldia.com\/index.php\/wp-json\/wp\/v2\/posts\/82142","targetHints":{"allow":["GET"]}}],"collection":[{"href":"https:\/\/www.todoeldia.com\/index.php\/wp-json\/wp\/v2\/posts"}],"about":[{"href":"https:\/\/www.todoeldia.com\/index.php\/wp-json\/wp\/v2\/types\/post"}],"author":[{"embeddable":true,"href":"https:\/\/www.todoeldia.com\/index.php\/wp-json\/wp\/v2\/users\/2"}],"replies":[{"embeddable":true,"href":"https:\/\/www.todoeldia.com\/index.php\/wp-json\/wp\/v2\/comments?post=82142"}],"version-history":[{"count":1,"href":"https:\/\/www.todoeldia.com\/index.php\/wp-json\/wp\/v2\/posts\/82142\/revisions"}],"predecessor-version":[{"id":82143,"href":"https:\/\/www.todoeldia.com\/index.php\/wp-json\/wp\/v2\/posts\/82142\/revisions\/82143"}],"wp:featuredmedia":[{"embeddable":true,"href":"https:\/\/www.todoeldia.com\/index.php\/wp-json\/wp\/v2\/media\/81710"}],"wp:attachment":[{"href":"https:\/\/www.todoeldia.com\/index.php\/wp-json\/wp\/v2\/media?parent=82142"}],"wp:term":[{"taxonomy":"category","embeddable":true,"href":"https:\/\/www.todoeldia.com\/index.php\/wp-json\/wp\/v2\/categories?post=82142"},{"taxonomy":"post_tag","embeddable":true,"href":"https:\/\/www.todoeldia.com\/index.php\/wp-json\/wp\/v2\/tags?post=82142"}],"curies":[{"name":"wp","href":"https:\/\/api.w.org\/{rel}","templated":true}]}}