{"id":82151,"date":"2024-08-11T12:21:20","date_gmt":"2024-08-11T15:21:20","guid":{"rendered":"https:\/\/www.todoeldia.com\/?p=82151"},"modified":"2024-08-11T12:21:20","modified_gmt":"2024-08-11T15:21:20","slug":"le-dispararon-cuatro-veces-a-un-comerciante-del-carril-en-un-intento-de-asalto","status":"publish","type":"post","link":"https:\/\/www.todoeldia.com\/index.php\/2024\/08\/11\/le-dispararon-cuatro-veces-a-un-comerciante-del-carril-en-un-intento-de-asalto\/","title":{"rendered":"Le dispararon cuatro veces a un comerciante del Carril en un intento de asalto"},"content":{"rendered":"\n<p>Esta ma\u00f1ana, un conocido comerciante de apellido Mart\u00ednez fue v\u00edctima de un intento de asalto en la localidad de El Carril. Todo ocurri\u00f3 cuando Mart\u00ednez sal\u00eda de su casa en la calle Primero de Mayo. Un sujeto, que aparentaba ser un barrendero, se acerc\u00f3 y le exigi\u00f3 las llaves de su camioneta Toyota.<\/p>\n\n\n\n<p>Inicialmente, Mart\u00ednez pens\u00f3 que se trataba de una broma y se neg\u00f3 a entregar las llaves. En respuesta, el asaltante le golpe\u00f3 en la cara y dispar\u00f3 dos veces al suelo. Tras levantarse, Mart\u00ednez empuj\u00f3 al ladr\u00f3n, se subi\u00f3 a su camioneta y huy\u00f3. Mientras escapaba, el delincuente dispar\u00f3 dos veces m\u00e1s, impactando la camioneta.<\/p>\n\n\n\n<p>Este es el segundo incidente de caracter\u00edsticas similares en dos a\u00f1os en el centro de El Carril. A pesar de la presencia de todas las divisiones de la polic\u00eda provincial y la nueva Unidad Regional 11, hasta el momento solo se ha tomado la denuncia y no se ha identificado al agresor. El hecho ocurri\u00f3 a solo seis cuadras de la Unidad Regional 11.<\/p>\n\n\n\n<p>Valle de Lerma Hoy<\/p>\n","protected":false},"excerpt":{"rendered":"<p>Esta ma\u00f1ana, un conocido comerciante de apellido Mart\u00ednez fue v\u00edctima de un intento de asalto en la localidad de El Carril. Todo ocurri\u00f3 cuando Mart\u00ednez sal\u00eda de su casa en la calle Primero de Mayo. Un sujeto, que aparentaba ser un barrendero, se acerc\u00f3 y le exigi\u00f3 las llaves de su camioneta Toyota. Inicialmente, Mart\u00ednez [&hellip;]<\/p>\n","protected":false},"author":2,"featured_media":61216,"comment_status":"open","ping_status":"open","sticky":false,"template":"","format":"standard","meta":{"tdm_status":"","tdm_grid_status":"","_joinchat":[],"footnotes":""},"categories":[63],"tags":[],"class_list":{"0":"post-82151","1":"post","2":"type-post","3":"status-publish","4":"format-standard","5":"has-post-thumbnail","7":"category-policiales"},"amp_enabled":true,"_links":{"self":[{"href":"https:\/\/www.todoeldia.com\/index.php\/wp-json\/wp\/v2\/posts\/82151","targetHints":{"allow":["GET"]}}],"collection":[{"href":"https:\/\/www.todoeldia.com\/index.php\/wp-json\/wp\/v2\/posts"}],"about":[{"href":"https:\/\/www.todoeldia.com\/index.php\/wp-json\/wp\/v2\/types\/post"}],"author":[{"embeddable":true,"href":"https:\/\/www.todoeldia.com\/index.php\/wp-json\/wp\/v2\/users\/2"}],"replies":[{"embeddable":true,"href":"https:\/\/www.todoeldia.com\/index.php\/wp-json\/wp\/v2\/comments?post=82151"}],"version-history":[{"count":1,"href":"https:\/\/www.todoeldia.com\/index.php\/wp-json\/wp\/v2\/posts\/82151\/revisions"}],"predecessor-version":[{"id":82152,"href":"https:\/\/www.todoeldia.com\/index.php\/wp-json\/wp\/v2\/posts\/82151\/revisions\/82152"}],"wp:featuredmedia":[{"embeddable":true,"href":"https:\/\/www.todoeldia.com\/index.php\/wp-json\/wp\/v2\/media\/61216"}],"wp:attachment":[{"href":"https:\/\/www.todoeldia.com\/index.php\/wp-json\/wp\/v2\/media?parent=82151"}],"wp:term":[{"taxonomy":"category","embeddable":true,"href":"https:\/\/www.todoeldia.com\/index.php\/wp-json\/wp\/v2\/categories?post=82151"},{"taxonomy":"post_tag","embeddable":true,"href":"https:\/\/www.todoeldia.com\/index.php\/wp-json\/wp\/v2\/tags?post=82151"}],"curies":[{"name":"wp","href":"https:\/\/api.w.org\/{rel}","templated":true}]}}