{"id":82450,"date":"2024-08-19T21:28:16","date_gmt":"2024-08-20T00:28:16","guid":{"rendered":"https:\/\/www.todoeldia.com\/?p=82450"},"modified":"2024-08-19T21:28:17","modified_gmt":"2024-08-20T00:28:17","slug":"otro-choreo-en-la-municipalidad-de-salta-del-primo-de-bettina-romero-ahora-en-la-panaderia-social","status":"publish","type":"post","link":"https:\/\/www.todoeldia.com\/index.php\/2024\/08\/19\/otro-choreo-en-la-municipalidad-de-salta-del-primo-de-bettina-romero-ahora-en-la-panaderia-social\/","title":{"rendered":"Otro choreo en la Municipalidad de Salta del primo de Bettina Romero: ahora en la Panader\u00eda Social"},"content":{"rendered":"\n<p>Tambi\u00e9n fueron imputadas dos familiares. Se detect\u00f3 un manejo irregular de los recursos de la Panader\u00eda Social, lo que podr\u00eda haber causado un perjuicio econ\u00f3mico al erario municipal de aproximadamente $100 millones.<\/p>\n\n\n\n<p>La fiscal Penal de la Unidad de Delitos Econ\u00f3micos Complejos (UDEC), Ana In\u00e9s Salinas Odorisio, imput\u00f3 provisionalmente a Luis Emilio Fay\u00f3n Medina por el presunto delito de fraude a la administraci\u00f3n p\u00fablica. En el caso de la esposa y cu\u00f1ada del expresidente de la Panader\u00eda Social de la Municipalidad de Salta, fueron imputadas como participes necesarias del mismo delito.<\/p>\n\n\n\n<p>Las tres personas asistieron a la audiencia de imputaci\u00f3n asistidos por un abogado particular, se abstuvieron de declarar y no aceptaron responder preguntas de la Fiscal\u00eda.<\/p>\n\n\n\n<p>La intervenci\u00f3n de la UDEC se produjo tras una denuncia realizada el 24 de mayo pasado por el Procurador General de la Municipalidad de Salta, quien se\u00f1al\u00f3 serias irregularidades en la administraci\u00f3n de la Sociedad del Estado Municipal \u201cPan Solidario\u201d. La auditor\u00eda, que se centr\u00f3 en el periodo de julio a diciembre de 2023, revel\u00f3 presuntos sobreprecios, compras direccionadas y un manejo irregular de los recursos de la Panader\u00eda Social, lo que podr\u00eda haber causado un perjuicio econ\u00f3mico al erario municipal de aproximadamente $100 millones.<\/p>\n\n\n\n<p>De acuerdo a la investigaci\u00f3n, la Panader\u00eda Social habr\u00eda favorecido a ciertos comercios sin justificaci\u00f3n, en particular a los negocios de la esposa y la cu\u00f1ada de Fay\u00f3n Medina, quienes habr\u00edan facturado a la Panader\u00eda Social sumas superiores a los $50 millones por la venta de fiambres y embutidos. Seg\u00fan se desprende del informe de los investigadores, result\u00f3, \u201ccuanto menos extra\u00f1o, que un ente de las caracter\u00edsticas de la Panader\u00eda Social, haya adquirido insumos en comercios de tan peque\u00f1a escala, sin historial en el rubro, sin una relaci\u00f3n de provisi\u00f3n previa, y sin un procedimiento de selecci\u00f3n que al menos promueva la eficiencia y la transparencia en el gasto\u201d.<\/p>\n\n\n\n<p>Por otra parte, la investigaci\u00f3n revel\u00f3 la presunta existencia de sobreprecios en la adquisici\u00f3n de insumos. En varias facturas, el precio de la margarina adquirida era hasta diez veces mayor que el precio de mercado. A modo de ejemplo, un proveedor factur\u00f3 \u201cMargarina Premium por 10 kg.\u201d a $161.150, cuando el precio real rondaba los $16.560. La diferencia represent\u00f3 un da\u00f1o patrimonial superior a los $3.300.000 s\u00f3lo en este rubro.<\/p>\n\n\n\n<p>Adem\u00e1s, se detectaron inconsistencias en el uso de la materia prima comprada por la Panader\u00eda Social. Las cantidades de insumos adquiridos superaban significativamente las necesarias para la producci\u00f3n registrada, lo que sugiere un grave faltante de stock sin explicaci\u00f3n aparente. Seg\u00fan los c\u00e1lculos de la auditor\u00eda, estas irregularidades podr\u00edan haber causado un da\u00f1o econ\u00f3mico de alrededor de $100 millones.<\/p>\n","protected":false},"excerpt":{"rendered":"<p>Tambi\u00e9n fueron imputadas dos familiares. Se detect\u00f3 un manejo irregular de los recursos de la Panader\u00eda Social, lo que podr\u00eda haber causado un perjuicio econ\u00f3mico al erario municipal de aproximadamente $100 millones. La fiscal Penal de la Unidad de Delitos Econ\u00f3micos Complejos (UDEC), Ana In\u00e9s Salinas Odorisio, imput\u00f3 provisionalmente a Luis Emilio Fay\u00f3n Medina por [&hellip;]<\/p>\n","protected":false},"author":2,"featured_media":82451,"comment_status":"open","ping_status":"open","sticky":false,"template":"","format":"standard","meta":{"tdm_status":"","tdm_grid_status":"","_joinchat":[],"footnotes":""},"categories":[63],"tags":[],"class_list":{"0":"post-82450","1":"post","2":"type-post","3":"status-publish","4":"format-standard","5":"has-post-thumbnail","7":"category-policiales"},"amp_enabled":true,"_links":{"self":[{"href":"https:\/\/www.todoeldia.com\/index.php\/wp-json\/wp\/v2\/posts\/82450","targetHints":{"allow":["GET"]}}],"collection":[{"href":"https:\/\/www.todoeldia.com\/index.php\/wp-json\/wp\/v2\/posts"}],"about":[{"href":"https:\/\/www.todoeldia.com\/index.php\/wp-json\/wp\/v2\/types\/post"}],"author":[{"embeddable":true,"href":"https:\/\/www.todoeldia.com\/index.php\/wp-json\/wp\/v2\/users\/2"}],"replies":[{"embeddable":true,"href":"https:\/\/www.todoeldia.com\/index.php\/wp-json\/wp\/v2\/comments?post=82450"}],"version-history":[{"count":1,"href":"https:\/\/www.todoeldia.com\/index.php\/wp-json\/wp\/v2\/posts\/82450\/revisions"}],"predecessor-version":[{"id":82452,"href":"https:\/\/www.todoeldia.com\/index.php\/wp-json\/wp\/v2\/posts\/82450\/revisions\/82452"}],"wp:featuredmedia":[{"embeddable":true,"href":"https:\/\/www.todoeldia.com\/index.php\/wp-json\/wp\/v2\/media\/82451"}],"wp:attachment":[{"href":"https:\/\/www.todoeldia.com\/index.php\/wp-json\/wp\/v2\/media?parent=82450"}],"wp:term":[{"taxonomy":"category","embeddable":true,"href":"https:\/\/www.todoeldia.com\/index.php\/wp-json\/wp\/v2\/categories?post=82450"},{"taxonomy":"post_tag","embeddable":true,"href":"https:\/\/www.todoeldia.com\/index.php\/wp-json\/wp\/v2\/tags?post=82450"}],"curies":[{"name":"wp","href":"https:\/\/api.w.org\/{rel}","templated":true}]}}