{"id":82480,"date":"2024-08-20T21:58:57","date_gmt":"2024-08-21T00:58:57","guid":{"rendered":"https:\/\/www.todoeldia.com\/?p=82480"},"modified":"2024-08-20T21:59:08","modified_gmt":"2024-08-21T00:59:08","slug":"refuerzan-la-investigacion-sobre-una-supuesta-banda-criminal-vinculada-al-homicidio-de-dos-ciudadanos-bolivianos-en-oran","status":"publish","type":"post","link":"https:\/\/www.todoeldia.com\/index.php\/2024\/08\/20\/refuerzan-la-investigacion-sobre-una-supuesta-banda-criminal-vinculada-al-homicidio-de-dos-ciudadanos-bolivianos-en-oran\/","title":{"rendered":"Refuerzan la investigaci\u00f3n sobre una supuesta banda criminal vinculada al homicidio de dos bolivianos en Or\u00e1n"},"content":{"rendered":"\n<p>Se trata del homicidio de dos hombres de nacionalidad boliviana encontrados sin vida a la vera de la ruta nacional 34. El hecho habr\u00eda ocurrido el pasado mes de mayo.<\/p>\n\n\n\n<p>El procurador general de la provincia Pedro Garc\u00eda Castiella, dispuso mediante resoluci\u00f3n N\u00ba 1552 que la Unidad Fiscal de Litigio Estrat\u00e9gico contra el Crimen Organizado del Norte, integrada por las y los fiscales Claudia Carreras, Soledad Filtrin Cuezzo, Pablo Cabot, y Mar\u00eda Luj\u00e1n Sodero incorporen y contin\u00faen la investigaci\u00f3n de un doble homicidio ante la sospecha de haber sido perpetrado por una peligrosa organizaci\u00f3n criminal.<\/p>\n\n\n\n<p>Recientemente en instancia recursiva el juez del Tribunal de Impugnaci\u00f3n Juan Marcos Ezequiel Molinati, rechaz\u00f3 los recursos de apelaci\u00f3n interpuestos por las defensas y confirm\u00f3 la prisi\u00f3n preventiva dictada por el Juez Francisco Oyarz\u00fa a solicitud de la Fiscal\u00eda de Or\u00e1n en contra de los imputados, por la violenta muerte de dos hombres cuyos cuerpos fueron encontrados a la vera de la ruta nacional N\u00ba 34 en Colonia Santa Rosa.<\/p>\n\n\n\n<p>La investigaci\u00f3n, inicialmente dirigida por la fiscal Penal de la Unidad de Graves Atentados contra las Personas de Or\u00e1n, Mar\u00eda Soledad Filtr\u00edn Cuezzo, y llevada adelante por el Grupo Investigativo GAP de Oran, se inici\u00f3 el 10 de mayo de este a\u00f1o, tras el hallazgo en la escena del crimen de dos hombres, originarios del Estado Plurinacional de Bolivia, asesinados de varios disparos efectuados con arma de fuego.<\/p>\n\n\n\n<p>El avance de la causa y el uso de t\u00e9cnicas avanzadas de investigaci\u00f3n permitieron obtener los indicios necesarios que llevaron a ordenar la detenci\u00f3n de una persona oriunda de la localidad de Or\u00e1n y de dos personas de la provincia de Tucum\u00e1n. Se realizaron allanamientos en esta \u00faltima, y los detenidos fueron trasladados desde all\u00ed a la provincia de Salta.<\/p>\n\n\n\n<p>Como parte de la mec\u00e1nica delictual intervinieron varios veh\u00edculos, uno de ellos abandonado en la v\u00eda p\u00fablica, en la localidad de Libertador General San Mart\u00edn. En su interior encontraron documentaci\u00f3n que lo vinculan a una estad\u00eda en la Ciudad de Or\u00e1n.<\/p>\n\n\n\n<p>Por otra parte, el an\u00e1lisis de informaci\u00f3n objetiva de tecnolog\u00eda actual arroj\u00f3 compatibilidad con el recorrido cercano al lugar del hallazgo de los cuerpos.<\/p>\n\n\n\n<p>Los ex\u00e1menes forenses confirmaron que ambos cuerpos presentaban signos de extrema violencia previa a la muerte y numerosas lesiones causadas por disparos de arma de fuego. Adem\u00e1s, una de las v\u00edctimas se hallaba maniatada con precintos, similares a los encontrados en uno de los veh\u00edculos usados por los presuntos autores del hecho.<\/p>\n\n\n\n<p>La decisi\u00f3n estrat\u00e9gica de incluir la referida investigaci\u00f3n en la Unidad Fiscal de Litigio Estrat\u00e9gico contra el Crimen Organizado del Norte obedece a los lineamientos de pol\u00edtica de persecuci\u00f3n penal dispuestas por la Procuraci\u00f3n General de la Provincia.<\/p>\n","protected":false},"excerpt":{"rendered":"<p>Se trata del homicidio de dos hombres de nacionalidad boliviana encontrados sin vida a la vera de la ruta nacional 34. El hecho habr\u00eda ocurrido el pasado mes de mayo. El procurador general de la provincia Pedro Garc\u00eda Castiella, dispuso mediante resoluci\u00f3n N\u00ba 1552 que la Unidad Fiscal de Litigio Estrat\u00e9gico contra el Crimen Organizado [&hellip;]<\/p>\n","protected":false},"author":2,"featured_media":77756,"comment_status":"open","ping_status":"open","sticky":false,"template":"","format":"standard","meta":{"tdm_status":"","tdm_grid_status":"","_joinchat":[],"footnotes":""},"categories":[63],"tags":[],"class_list":{"0":"post-82480","1":"post","2":"type-post","3":"status-publish","4":"format-standard","5":"has-post-thumbnail","7":"category-policiales"},"amp_enabled":true,"_links":{"self":[{"href":"https:\/\/www.todoeldia.com\/index.php\/wp-json\/wp\/v2\/posts\/82480","targetHints":{"allow":["GET"]}}],"collection":[{"href":"https:\/\/www.todoeldia.com\/index.php\/wp-json\/wp\/v2\/posts"}],"about":[{"href":"https:\/\/www.todoeldia.com\/index.php\/wp-json\/wp\/v2\/types\/post"}],"author":[{"embeddable":true,"href":"https:\/\/www.todoeldia.com\/index.php\/wp-json\/wp\/v2\/users\/2"}],"replies":[{"embeddable":true,"href":"https:\/\/www.todoeldia.com\/index.php\/wp-json\/wp\/v2\/comments?post=82480"}],"version-history":[{"count":2,"href":"https:\/\/www.todoeldia.com\/index.php\/wp-json\/wp\/v2\/posts\/82480\/revisions"}],"predecessor-version":[{"id":82482,"href":"https:\/\/www.todoeldia.com\/index.php\/wp-json\/wp\/v2\/posts\/82480\/revisions\/82482"}],"wp:featuredmedia":[{"embeddable":true,"href":"https:\/\/www.todoeldia.com\/index.php\/wp-json\/wp\/v2\/media\/77756"}],"wp:attachment":[{"href":"https:\/\/www.todoeldia.com\/index.php\/wp-json\/wp\/v2\/media?parent=82480"}],"wp:term":[{"taxonomy":"category","embeddable":true,"href":"https:\/\/www.todoeldia.com\/index.php\/wp-json\/wp\/v2\/categories?post=82480"},{"taxonomy":"post_tag","embeddable":true,"href":"https:\/\/www.todoeldia.com\/index.php\/wp-json\/wp\/v2\/tags?post=82480"}],"curies":[{"name":"wp","href":"https:\/\/api.w.org\/{rel}","templated":true}]}}