{"id":82488,"date":"2024-08-21T11:01:09","date_gmt":"2024-08-21T14:01:09","guid":{"rendered":"https:\/\/www.todoeldia.com\/?p=82488"},"modified":"2024-08-21T11:01:09","modified_gmt":"2024-08-21T14:01:09","slug":"ahora-se-sumo-un-ginecologo-a-los-dos-odontologos-acusados-de-abuso-sexual","status":"publish","type":"post","link":"https:\/\/www.todoeldia.com\/index.php\/2024\/08\/21\/ahora-se-sumo-un-ginecologo-a-los-dos-odontologos-acusados-de-abuso-sexual\/","title":{"rendered":"Ahora se sum\u00f3 un ginec\u00f3logo a los dos odont\u00f3logos acusados de abuso sexual"},"content":{"rendered":"\n<p>De acuerdo a lo denunciado por la mujer el pasado 2 de noviembre de 2022, su m\u00e9dico ginec\u00f3logo de apellido Dominguez hab\u00eda vulnerado su integridad sexual durante una consulta.<\/p>\n\n\n\n<p>El fiscal penal 2 de la Unidad de Delitos contra la Integridad Sexual (UDIS), Rodrigo Gonz\u00e1lez Miralpeix representa al Ministerio P\u00fablico Fiscal ante la Sala IV del Distrito Centro, en la audiencia de debate en la que un m\u00e9dico ginec\u00f3logo de 52 a\u00f1os es juzgado por el delito de abuso sexual con acceso carnal (dos hechos), en concurso real.<\/p>\n\n\n\n<p>Durante la primera jornada de juicio unipersonal que tuvo lugar este martes 20, y es presidido por el juez Maximiliano Troyano, el acusado declar\u00f3 tras la lectura del requerimiento, negando haber realizado las pr\u00e1cticas que detall\u00f3 la v\u00edctima haber sufrido.<\/p>\n\n\n\n<p>Posteriormente se inici\u00f3 la ronda de testimoniales con la declaraci\u00f3n de la damnificada, quien ratific\u00f3 lo denunciado. Adem\u00e1s, declararon en calidad de testigos, la hermana de la v\u00edctima y la psic\u00f3loga que la asisti\u00f3.<\/p>\n\n\n\n<p>Hoy contin\u00faa la segunda jornada de juicio que est\u00e1 previsto finalice este jueves 22 de agosto.<\/p>\n","protected":false},"excerpt":{"rendered":"<p>De acuerdo a lo denunciado por la mujer el pasado 2 de noviembre de 2022, su m\u00e9dico ginec\u00f3logo de apellido Dominguez hab\u00eda vulnerado su integridad sexual durante una consulta. El fiscal penal 2 de la Unidad de Delitos contra la Integridad Sexual (UDIS), Rodrigo Gonz\u00e1lez Miralpeix representa al Ministerio P\u00fablico Fiscal ante la Sala IV [&hellip;]<\/p>\n","protected":false},"author":2,"featured_media":82489,"comment_status":"open","ping_status":"open","sticky":false,"template":"","format":"standard","meta":{"tdm_status":"","tdm_grid_status":"","_joinchat":[],"footnotes":""},"categories":[63],"tags":[],"class_list":{"0":"post-82488","1":"post","2":"type-post","3":"status-publish","4":"format-standard","5":"has-post-thumbnail","7":"category-policiales"},"amp_enabled":true,"_links":{"self":[{"href":"https:\/\/www.todoeldia.com\/index.php\/wp-json\/wp\/v2\/posts\/82488","targetHints":{"allow":["GET"]}}],"collection":[{"href":"https:\/\/www.todoeldia.com\/index.php\/wp-json\/wp\/v2\/posts"}],"about":[{"href":"https:\/\/www.todoeldia.com\/index.php\/wp-json\/wp\/v2\/types\/post"}],"author":[{"embeddable":true,"href":"https:\/\/www.todoeldia.com\/index.php\/wp-json\/wp\/v2\/users\/2"}],"replies":[{"embeddable":true,"href":"https:\/\/www.todoeldia.com\/index.php\/wp-json\/wp\/v2\/comments?post=82488"}],"version-history":[{"count":1,"href":"https:\/\/www.todoeldia.com\/index.php\/wp-json\/wp\/v2\/posts\/82488\/revisions"}],"predecessor-version":[{"id":82490,"href":"https:\/\/www.todoeldia.com\/index.php\/wp-json\/wp\/v2\/posts\/82488\/revisions\/82490"}],"wp:featuredmedia":[{"embeddable":true,"href":"https:\/\/www.todoeldia.com\/index.php\/wp-json\/wp\/v2\/media\/82489"}],"wp:attachment":[{"href":"https:\/\/www.todoeldia.com\/index.php\/wp-json\/wp\/v2\/media?parent=82488"}],"wp:term":[{"taxonomy":"category","embeddable":true,"href":"https:\/\/www.todoeldia.com\/index.php\/wp-json\/wp\/v2\/categories?post=82488"},{"taxonomy":"post_tag","embeddable":true,"href":"https:\/\/www.todoeldia.com\/index.php\/wp-json\/wp\/v2\/tags?post=82488"}],"curies":[{"name":"wp","href":"https:\/\/api.w.org\/{rel}","templated":true}]}}