{"id":82491,"date":"2024-08-21T11:09:14","date_gmt":"2024-08-21T14:09:14","guid":{"rendered":"https:\/\/www.todoeldia.com\/?p=82491"},"modified":"2024-08-21T11:09:15","modified_gmt":"2024-08-21T14:09:15","slug":"habia-salido-de-la-carcel-de-oran-hace-4-dias-y-volvio-a-caer-por-robo","status":"publish","type":"post","link":"https:\/\/www.todoeldia.com\/index.php\/2024\/08\/21\/habia-salido-de-la-carcel-de-oran-hace-4-dias-y-volvio-a-caer-por-robo\/","title":{"rendered":"Hab\u00eda salido de la c\u00e1rcel de Oran hace 4 d\u00edas y volvi\u00f3 a caer por robo"},"content":{"rendered":"\n<p>El acusado sustrajo de la vivienda de un efectivo policial 4 hojas de ventana de madera. Luego ingres\u00f3 a la casa de un familiar para llevarse una motocicleta en la que planeaba trasladar los bienes.<\/p>\n\n\n\n<p>La fiscal penal 1 de Or\u00e1n, Daniela Mur\u00faa, imput\u00f3 de forma provisional a un hombre de 28 a\u00f1os como autor de los delitos de hurto simple y hurto calificado en concurso real.<\/p>\n\n\n\n<p>Tras la audiencia de imputaci\u00f3n, desde la Fiscal\u00eda se solicit\u00f3 al Juzgado de Garant\u00edas interviniente, la detenci\u00f3n del acusado, quien hab\u00eda recuperado la libertad 4 d\u00edas antes, tras cometer un hecho delictivo contra la propiedad en la misma jurisdicci\u00f3n.<\/p>\n\n\n\n<p>El pasado 17 de agosto, un efectivo policial que cumpl\u00eda tareas fue notificado de un il\u00edcito cometido en su propiedad y al llegar a verificar, not\u00f3 que personas desconocidas le sustrajeron de la planta alta, 4 hojas de ventana de madera y un rollo de aislante.<\/p>\n\n\n\n<p>Junto a su pareja, salieron a recorrer la zona y detectaron a una persona que se trasladaba en una motocicleta con un bulto sospechoso envuelto en una bolsa de arpillera. Al interpelarlo, descubrieron que se trataba de dos hojas de una ventana sustra\u00edda.<\/p>\n\n\n\n<p>Demoraron al sospechoso hasta que lleg\u00f3 personal policial en servicio y se pudo verificar que las otras dos hojas se encontraban ocultas en la casa de un familiar del acusado, desde donde hab\u00eda sustra\u00eddo la motocicleta en la que se desplazaba.<\/p>\n","protected":false},"excerpt":{"rendered":"<p>El acusado sustrajo de la vivienda de un efectivo policial 4 hojas de ventana de madera. Luego ingres\u00f3 a la casa de un familiar para llevarse una motocicleta en la que planeaba trasladar los bienes. La fiscal penal 1 de Or\u00e1n, Daniela Mur\u00faa, imput\u00f3 de forma provisional a un hombre de 28 a\u00f1os como autor [&hellip;]<\/p>\n","protected":false},"author":2,"featured_media":82492,"comment_status":"open","ping_status":"open","sticky":false,"template":"","format":"standard","meta":{"tdm_status":"","tdm_grid_status":"","_joinchat":[],"footnotes":""},"categories":[63],"tags":[],"class_list":{"0":"post-82491","1":"post","2":"type-post","3":"status-publish","4":"format-standard","5":"has-post-thumbnail","7":"category-policiales"},"amp_enabled":true,"_links":{"self":[{"href":"https:\/\/www.todoeldia.com\/index.php\/wp-json\/wp\/v2\/posts\/82491","targetHints":{"allow":["GET"]}}],"collection":[{"href":"https:\/\/www.todoeldia.com\/index.php\/wp-json\/wp\/v2\/posts"}],"about":[{"href":"https:\/\/www.todoeldia.com\/index.php\/wp-json\/wp\/v2\/types\/post"}],"author":[{"embeddable":true,"href":"https:\/\/www.todoeldia.com\/index.php\/wp-json\/wp\/v2\/users\/2"}],"replies":[{"embeddable":true,"href":"https:\/\/www.todoeldia.com\/index.php\/wp-json\/wp\/v2\/comments?post=82491"}],"version-history":[{"count":1,"href":"https:\/\/www.todoeldia.com\/index.php\/wp-json\/wp\/v2\/posts\/82491\/revisions"}],"predecessor-version":[{"id":82493,"href":"https:\/\/www.todoeldia.com\/index.php\/wp-json\/wp\/v2\/posts\/82491\/revisions\/82493"}],"wp:featuredmedia":[{"embeddable":true,"href":"https:\/\/www.todoeldia.com\/index.php\/wp-json\/wp\/v2\/media\/82492"}],"wp:attachment":[{"href":"https:\/\/www.todoeldia.com\/index.php\/wp-json\/wp\/v2\/media?parent=82491"}],"wp:term":[{"taxonomy":"category","embeddable":true,"href":"https:\/\/www.todoeldia.com\/index.php\/wp-json\/wp\/v2\/categories?post=82491"},{"taxonomy":"post_tag","embeddable":true,"href":"https:\/\/www.todoeldia.com\/index.php\/wp-json\/wp\/v2\/tags?post=82491"}],"curies":[{"name":"wp","href":"https:\/\/api.w.org\/{rel}","templated":true}]}}