{"id":82605,"date":"2024-08-23T17:48:39","date_gmt":"2024-08-23T20:48:39","guid":{"rendered":"https:\/\/www.todoeldia.com\/?p=82605"},"modified":"2024-08-23T17:48:40","modified_gmt":"2024-08-23T20:48:40","slug":"un-gendarme-mato-a-su-pareja-le-disparo-a-su-suegra-y-se-quito-la-vida","status":"publish","type":"post","link":"https:\/\/www.todoeldia.com\/index.php\/2024\/08\/23\/un-gendarme-mato-a-su-pareja-le-disparo-a-su-suegra-y-se-quito-la-vida\/","title":{"rendered":"Un gendarme mato a su pareja, le dispar\u00f3 a su suegra y se quit\u00f3 la vida"},"content":{"rendered":"\n<p>La v\u00edctima fatal es Johana Margarita Risso. Ten\u00eda dos hijas de 5 y 14 a\u00f1os, y tambi\u00e9n pertenec\u00eda a la Gendarmer\u00eda Nacional. El femicidio habr\u00eda ocurrido despu\u00e9s de una discusi\u00f3n.<\/p>\n\n\n\n<p>Un gendarme mat\u00f3 a balazos a su pareja durante una discusi\u00f3n y despu\u00e9s se quit\u00f3 la vida. Ocurri\u00f3 este viernes a las 7:30 en una casa del barrio Mil Viviendas, en la provincia de Corrientes.<\/p>\n\n\n\n<p>La v\u00edctima, Johana Margarita Risso (33), ten\u00eda dos hijas de 5 y 14 a\u00f1os, tambi\u00e9n pertenec\u00eda a la Gendarmer\u00eda Nacional y trabajaba en el Escuadr\u00f3n N\u00b048 de la capital correntina.<\/p>\n\n\n\n<figure class=\"wp-block-image size-large\"><img loading=\"lazy\" decoding=\"async\" width=\"1024\" height=\"573\" src=\"https:\/\/www.todoeldia.com\/wp-content\/uploads\/2024\/08\/image-140-1024x573.png\" alt=\"\" class=\"wp-image-82606\" srcset=\"https:\/\/www.todoeldia.com\/wp-content\/uploads\/2024\/08\/image-140-1024x573.png 1024w, https:\/\/www.todoeldia.com\/wp-content\/uploads\/2024\/08\/image-140-300x168.png 300w, https:\/\/www.todoeldia.com\/wp-content\/uploads\/2024\/08\/image-140-768x430.png 768w, https:\/\/www.todoeldia.com\/wp-content\/uploads\/2024\/08\/image-140-750x420.png 750w, https:\/\/www.todoeldia.com\/wp-content\/uploads\/2024\/08\/image-140-696x390.png 696w, https:\/\/www.todoeldia.com\/wp-content\/uploads\/2024\/08\/image-140-1068x598.png 1068w, https:\/\/www.todoeldia.com\/wp-content\/uploads\/2024\/08\/image-140.png 1440w\" sizes=\"auto, (max-width: 1024px) 100vw, 1024px\" \/><\/figure>\n\n\n\n<p><strong>El femicidio ocurri\u00f3 en el barrio correntino Mil Viviendas.<\/strong><\/p>\n\n\n\n<p>El fiscal del caso, Pablo Sosa, explic\u00f3 en una entrevista con Radio Dos que Risso discut\u00eda con su pareja Esteban Pucheta (36) y el conflicto escal\u00f3. \u201cLa mujer recibi\u00f3 un cachetazo del hombre y le avis\u00f3 a su madre. Cuando vienen para reclamarle, encontraron a Pucheta con el arma en la mano y se producen los disparos\u201d, relat\u00f3 el funcionario.<\/p>\n\n\n\n<p>Pucheta le dispar\u00f3 a su suegra primero, \u201cpero le peg\u00f3 a un espejo que estaba cerca de ella\u201d, detall\u00f3 el fiscal. El agresor despu\u00e9s apunt\u00f3 contra Risso y le dispar\u00f3 dos veces, en la cabeza y en el t\u00f3rax, y se peg\u00f3 un tiro en la cabeza.<\/p>\n\n\n\n<p>El padre y la hija menor de Risso tambi\u00e9n estaban en otra habitaci\u00f3n de la casa. La nena \u201cno vio el hecho, pero s\u00ed la escena posterior\u201d, se\u00f1al\u00f3 Sosa. La hija mayor estaba en el colegio en el momento del crimen. El fiscal cont\u00f3 que en el lugar encontraron siete casquillos de balas que pertenec\u00edan a la misma arma.<\/p>\n\n\n\n<p>La mujer fue trasladada al hospital Escuela, seg\u00fan consign\u00f3 el diario \u00c9poca. Sin embargo, muri\u00f3 por la gravedad de las heridas. El diario correntino tambi\u00e9n revel\u00f3 que Pucheta prestaba servicio en la Unidad de Investigaciones de Delitos Complejos y Procedimientos Judiciales (UNIPROJUD).<\/p>\n","protected":false},"excerpt":{"rendered":"<p>La v\u00edctima fatal es Johana Margarita Risso. Ten\u00eda dos hijas de 5 y 14 a\u00f1os, y tambi\u00e9n pertenec\u00eda a la Gendarmer\u00eda Nacional. El femicidio habr\u00eda ocurrido despu\u00e9s de una discusi\u00f3n. Un gendarme mat\u00f3 a balazos a su pareja durante una discusi\u00f3n y despu\u00e9s se quit\u00f3 la vida. Ocurri\u00f3 este viernes a las 7:30 en una [&hellip;]<\/p>\n","protected":false},"author":2,"featured_media":61216,"comment_status":"open","ping_status":"open","sticky":false,"template":"","format":"standard","meta":{"tdm_status":"","tdm_grid_status":"","_joinchat":[],"footnotes":""},"categories":[63],"tags":[],"class_list":{"0":"post-82605","1":"post","2":"type-post","3":"status-publish","4":"format-standard","5":"has-post-thumbnail","7":"category-policiales"},"amp_enabled":true,"_links":{"self":[{"href":"https:\/\/www.todoeldia.com\/index.php\/wp-json\/wp\/v2\/posts\/82605","targetHints":{"allow":["GET"]}}],"collection":[{"href":"https:\/\/www.todoeldia.com\/index.php\/wp-json\/wp\/v2\/posts"}],"about":[{"href":"https:\/\/www.todoeldia.com\/index.php\/wp-json\/wp\/v2\/types\/post"}],"author":[{"embeddable":true,"href":"https:\/\/www.todoeldia.com\/index.php\/wp-json\/wp\/v2\/users\/2"}],"replies":[{"embeddable":true,"href":"https:\/\/www.todoeldia.com\/index.php\/wp-json\/wp\/v2\/comments?post=82605"}],"version-history":[{"count":1,"href":"https:\/\/www.todoeldia.com\/index.php\/wp-json\/wp\/v2\/posts\/82605\/revisions"}],"predecessor-version":[{"id":82607,"href":"https:\/\/www.todoeldia.com\/index.php\/wp-json\/wp\/v2\/posts\/82605\/revisions\/82607"}],"wp:featuredmedia":[{"embeddable":true,"href":"https:\/\/www.todoeldia.com\/index.php\/wp-json\/wp\/v2\/media\/61216"}],"wp:attachment":[{"href":"https:\/\/www.todoeldia.com\/index.php\/wp-json\/wp\/v2\/media?parent=82605"}],"wp:term":[{"taxonomy":"category","embeddable":true,"href":"https:\/\/www.todoeldia.com\/index.php\/wp-json\/wp\/v2\/categories?post=82605"},{"taxonomy":"post_tag","embeddable":true,"href":"https:\/\/www.todoeldia.com\/index.php\/wp-json\/wp\/v2\/tags?post=82605"}],"curies":[{"name":"wp","href":"https:\/\/api.w.org\/{rel}","templated":true}]}}