{"id":82724,"date":"2024-08-26T19:09:12","date_gmt":"2024-08-26T22:09:12","guid":{"rendered":"https:\/\/www.todoeldia.com\/?p=82724"},"modified":"2024-08-26T19:09:24","modified_gmt":"2024-08-26T22:09:24","slug":"6-hinchas-uruguayos-detenidos-en-metan-por-el-robo-de-bebidas-alcoholicas","status":"publish","type":"post","link":"https:\/\/www.todoeldia.com\/index.php\/2024\/08\/26\/6-hinchas-uruguayos-detenidos-en-metan-por-el-robo-de-bebidas-alcoholicas\/","title":{"rendered":"6 hinchas uruguayos detenidos en Metan por el robo de bebidas alcoh\u00f3licas"},"content":{"rendered":"\n<p>Los detenidos se encontraban en tr\u00e1nsito por la provincia de Salta, procedentes desde Bolivia, y fueron acusados de sustraer mercader\u00eda de un 24 horas de Metan. Se solicit\u00f3 que permanezcan detenidos y se ofici\u00f3 a la Direcci\u00f3n Nacional de Migraciones.<\/p>\n\n\n\n<p>El fiscal penal 2 de Met\u00e1n, Gonzalo G\u00f3mez Amado, imput\u00f3 de forma provisional a seis hombres 28, 21, 30, 26, 24 y 45 a\u00f1os como coautores de los delitos de hurto y tentativa de robo en concurso real.<\/p>\n\n\n\n<p>Fueron asistidos por defensa oficial y se abstuvieron de declarar. Desde la Fiscal\u00eda, en tanto, se solicit\u00f3 que permanezcan detenidos mientras se cumplen diversas medidas dispuestas, entre ellas, el solicitar sus antecedentes delictivos y un oficio cursado a la Direcci\u00f3n Nacional de Migraciones.<\/p>\n\n\n\n<figure class=\"wp-block-image size-full is-resized\"><img loading=\"lazy\" decoding=\"async\" width=\"587\" height=\"750\" src=\"https:\/\/www.todoeldia.com\/wp-content\/uploads\/2024\/08\/uruguayos-detenidos-por-robo.jpg\" alt=\"\" class=\"wp-image-82725\" style=\"width:782px;height:auto\" srcset=\"https:\/\/www.todoeldia.com\/wp-content\/uploads\/2024\/08\/uruguayos-detenidos-por-robo.jpg 587w, https:\/\/www.todoeldia.com\/wp-content\/uploads\/2024\/08\/uruguayos-detenidos-por-robo-235x300.jpg 235w, https:\/\/www.todoeldia.com\/wp-content\/uploads\/2024\/08\/uruguayos-detenidos-por-robo-329x420.jpg 329w, https:\/\/www.todoeldia.com\/wp-content\/uploads\/2024\/08\/uruguayos-detenidos-por-robo-300x383.jpg 300w\" sizes=\"auto, (max-width: 587px) 100vw, 587px\" \/><\/figure>\n\n\n\n<p>Durante el fin de semana, se alert\u00f3 de la presencia de un grupo de simpatizantes de f\u00fatbol uruguayos que se encontraban transitando la provincia de Salta con procedencia desde Bolivia. Habr\u00edan cometido un il\u00edcito en un negocio 24 horas de avenida Libertad e Independencia de la ciudad de Met\u00e1n, sustrayendo bebidas alcoh\u00f3licas y otras mercader\u00edas.<\/p>\n\n\n\n<p>Estas personas quedaron registradas por las c\u00e1maras de seguridad mientras sustra\u00edan bienes del interior del comercio e intentaban, sin \u00e9xito, forzar una heladera ubicada en la parte externa.<\/p>\n\n\n\n<p>Personal de la Direcci\u00f3n Unidad Regional N\u00ba 3 intercept\u00f3 el micro en el que se desplazaban los sospechosos junto a otras personas y se produjo el secuestro de bebidas alcoh\u00f3licas y otros elementos de inter\u00e9s para la causa.<\/p>\n","protected":false},"excerpt":{"rendered":"<p>Los detenidos se encontraban en tr\u00e1nsito por la provincia de Salta, procedentes desde Bolivia, y fueron acusados de sustraer mercader\u00eda de un 24 horas de Metan. Se solicit\u00f3 que permanezcan detenidos y se ofici\u00f3 a la Direcci\u00f3n Nacional de Migraciones. El fiscal penal 2 de Met\u00e1n, Gonzalo G\u00f3mez Amado, imput\u00f3 de forma provisional a seis [&hellip;]<\/p>\n","protected":false},"author":2,"featured_media":82726,"comment_status":"open","ping_status":"open","sticky":false,"template":"","format":"standard","meta":{"tdm_status":"","tdm_grid_status":"","_joinchat":[],"footnotes":""},"categories":[63],"tags":[],"class_list":{"0":"post-82724","1":"post","2":"type-post","3":"status-publish","4":"format-standard","5":"has-post-thumbnail","7":"category-policiales"},"amp_enabled":true,"_links":{"self":[{"href":"https:\/\/www.todoeldia.com\/index.php\/wp-json\/wp\/v2\/posts\/82724","targetHints":{"allow":["GET"]}}],"collection":[{"href":"https:\/\/www.todoeldia.com\/index.php\/wp-json\/wp\/v2\/posts"}],"about":[{"href":"https:\/\/www.todoeldia.com\/index.php\/wp-json\/wp\/v2\/types\/post"}],"author":[{"embeddable":true,"href":"https:\/\/www.todoeldia.com\/index.php\/wp-json\/wp\/v2\/users\/2"}],"replies":[{"embeddable":true,"href":"https:\/\/www.todoeldia.com\/index.php\/wp-json\/wp\/v2\/comments?post=82724"}],"version-history":[{"count":1,"href":"https:\/\/www.todoeldia.com\/index.php\/wp-json\/wp\/v2\/posts\/82724\/revisions"}],"predecessor-version":[{"id":82727,"href":"https:\/\/www.todoeldia.com\/index.php\/wp-json\/wp\/v2\/posts\/82724\/revisions\/82727"}],"wp:featuredmedia":[{"embeddable":true,"href":"https:\/\/www.todoeldia.com\/index.php\/wp-json\/wp\/v2\/media\/82726"}],"wp:attachment":[{"href":"https:\/\/www.todoeldia.com\/index.php\/wp-json\/wp\/v2\/media?parent=82724"}],"wp:term":[{"taxonomy":"category","embeddable":true,"href":"https:\/\/www.todoeldia.com\/index.php\/wp-json\/wp\/v2\/categories?post=82724"},{"taxonomy":"post_tag","embeddable":true,"href":"https:\/\/www.todoeldia.com\/index.php\/wp-json\/wp\/v2\/tags?post=82724"}],"curies":[{"name":"wp","href":"https:\/\/api.w.org\/{rel}","templated":true}]}}