{"id":82755,"date":"2024-08-27T18:24:18","date_gmt":"2024-08-27T21:24:18","guid":{"rendered":"https:\/\/www.todoeldia.com\/?p=82755"},"modified":"2024-08-27T18:24:19","modified_gmt":"2024-08-27T21:24:19","slug":"historico-desembarco-de-franco-colapinto-en-la-formula-1-con-williams-por-que-eligieron-al-piloto-argentino","status":"publish","type":"post","link":"https:\/\/www.todoeldia.com\/index.php\/2024\/08\/27\/historico-desembarco-de-franco-colapinto-en-la-formula-1-con-williams-por-que-eligieron-al-piloto-argentino\/","title":{"rendered":"Hist\u00f3rico desembarco de Franco Colapinto en la F\u00f3rmula 1 con Williams: por qu\u00e9 eligieron al piloto argentino"},"content":{"rendered":"\n<p>El corredor de Pilar reemplazar\u00e1 a Logan Sargeant en el equipo ingl\u00e9s. Luego de 23 a\u00f1os un compatriota competir\u00e1 en una carrera y disputar\u00e1 las otras ocho restantes. C\u00f3mo se gest\u00f3 la posibilidad y por qu\u00e9 la balanza se inclin\u00f3 a su favor en las \u00faltimas horas.<\/p>\n\n\n\n<p>Franco Colapinto correr\u00e1 su primer Gran Premio de F\u00f3rmula 1 este fin de semana. Williams lo confirm\u00f3 en lugar de Logan Sargeant y el debut ser\u00e1 nada menos que en el Gran Premio de Italia en el Aut\u00f3dromo de Monza, el Templo de la Velocidad. El joven de Pilar disputar\u00e1 las otras ocho fechas restantes en la temporada. En las \u00faltimas horas el corredor de 21 a\u00f1os le gan\u00f3 la pulseada a Mick Schumacher y Liam Lawson. Infobae anticip\u00f3 este domingo los detalles de la chance surgida y ahora tambi\u00e9n se conocieron los motivos que impulsaron a la hist\u00f3rica escuder\u00eda inglesa a inclinarse por el bonaerense.<\/p>\n\n\n\n<figure class=\"wp-block-image size-full is-resized\"><img loading=\"lazy\" decoding=\"async\" width=\"768\" height=\"512\" src=\"https:\/\/www.todoeldia.com\/wp-content\/uploads\/2024\/08\/image-168.png\" alt=\"\" class=\"wp-image-82757\" style=\"width:1068px;height:auto\" srcset=\"https:\/\/www.todoeldia.com\/wp-content\/uploads\/2024\/08\/image-168.png 768w, https:\/\/www.todoeldia.com\/wp-content\/uploads\/2024\/08\/image-168-300x200.png 300w, https:\/\/www.todoeldia.com\/wp-content\/uploads\/2024\/08\/image-168-630x420.png 630w, https:\/\/www.todoeldia.com\/wp-content\/uploads\/2024\/08\/image-168-696x464.png 696w\" sizes=\"auto, (max-width: 768px) 100vw, 768px\" \/><\/figure>\n\n\n\n<p><strong>Franco Colapinto con el FW 46 en Silverstone<\/strong><\/p>\n\n\n\n<p>Todo fue en medio de enorme expectativa luego de que Williams se cansara de Logan Sargeant, cuyos malos resultados y las roturas en el FW 46 colmaron la paciencia de los responsables del team brit\u00e1nico. El piloto argentino de 21 a\u00f1os ya era uno de los nombres que sonaba para poder hacerse con la butaca del estadounidense. Desde hace unos meses comenz\u00f3 a circular el rumor en el ambiente de la F1 de que Sargeant ten\u00eda sus d\u00edas contados en Williams. Eso se confirm\u00f3 con el anuncio de la llegada de Carlos Sainz el a\u00f1o pr\u00f3ximo, quien le gan\u00f3 la pulseada al argentino. De hecho, Sargeant ya habr\u00eda firmado un contrato con el equipo Prema, que busca sumarse a la IndyCar.<\/p>\n\n\n\n<p>El golpe sufrido por Sargeant en Zandvoort, en la tercera pr\u00e1ctica del Gran Premio de los Pa\u00edses Bajos, aliment\u00f3 la posibilidad de adelantar su salida y excluirlo de las \u00faltimas nueve fechas. \u201cCien personas han trabajado durante semanas en nuestra gran actualizaci\u00f3n y se han dejado la piel para que pudi\u00e9ramos correr con dos coches con las piezas nuevas. Y en un segundo todo estaba arruinado. Fue un accidente innecesario. No se pueden correr riesgos en la tercera sesi\u00f3n de entrenamientos bajo la lluvia\u201d, dijo el jefe de Williams, James Vowles, minutos despu\u00e9s de ver en llamas al FW46.<\/p>\n\n\n\n<p>Franco compiti\u00f3 por ese lugar contra Mick Schumacher y Liam Lawson. El hijo del s\u00e9ptuple campe\u00f3n mundial es piloto de reserva de Mercedes, que es proveedora de motores de Williams. La escuder\u00eda alemana anunci\u00f3 el domingo que Andrea Kimi Antonelli formar\u00e1 parte de la pr\u00e1ctica libre 1 el pr\u00f3ximo viernes, en el arranque de la actividad en Monza, y esto descart\u00f3 a otro corredor que tambi\u00e9n estuvo en danza.<\/p>\n","protected":false},"excerpt":{"rendered":"<p>El corredor de Pilar reemplazar\u00e1 a Logan Sargeant en el equipo ingl\u00e9s. Luego de 23 a\u00f1os un compatriota competir\u00e1 en una carrera y disputar\u00e1 las otras ocho restantes. C\u00f3mo se gest\u00f3 la posibilidad y por qu\u00e9 la balanza se inclin\u00f3 a su favor en las \u00faltimas horas. Franco Colapinto correr\u00e1 su primer Gran Premio de [&hellip;]<\/p>\n","protected":false},"author":2,"featured_media":82756,"comment_status":"open","ping_status":"open","sticky":false,"template":"","format":"standard","meta":{"tdm_status":"","tdm_grid_status":"","_joinchat":[],"footnotes":""},"categories":[62],"tags":[],"class_list":{"0":"post-82755","1":"post","2":"type-post","3":"status-publish","4":"format-standard","5":"has-post-thumbnail","7":"category-deportes"},"amp_enabled":true,"_links":{"self":[{"href":"https:\/\/www.todoeldia.com\/index.php\/wp-json\/wp\/v2\/posts\/82755","targetHints":{"allow":["GET"]}}],"collection":[{"href":"https:\/\/www.todoeldia.com\/index.php\/wp-json\/wp\/v2\/posts"}],"about":[{"href":"https:\/\/www.todoeldia.com\/index.php\/wp-json\/wp\/v2\/types\/post"}],"author":[{"embeddable":true,"href":"https:\/\/www.todoeldia.com\/index.php\/wp-json\/wp\/v2\/users\/2"}],"replies":[{"embeddable":true,"href":"https:\/\/www.todoeldia.com\/index.php\/wp-json\/wp\/v2\/comments?post=82755"}],"version-history":[{"count":1,"href":"https:\/\/www.todoeldia.com\/index.php\/wp-json\/wp\/v2\/posts\/82755\/revisions"}],"predecessor-version":[{"id":82758,"href":"https:\/\/www.todoeldia.com\/index.php\/wp-json\/wp\/v2\/posts\/82755\/revisions\/82758"}],"wp:featuredmedia":[{"embeddable":true,"href":"https:\/\/www.todoeldia.com\/index.php\/wp-json\/wp\/v2\/media\/82756"}],"wp:attachment":[{"href":"https:\/\/www.todoeldia.com\/index.php\/wp-json\/wp\/v2\/media?parent=82755"}],"wp:term":[{"taxonomy":"category","embeddable":true,"href":"https:\/\/www.todoeldia.com\/index.php\/wp-json\/wp\/v2\/categories?post=82755"},{"taxonomy":"post_tag","embeddable":true,"href":"https:\/\/www.todoeldia.com\/index.php\/wp-json\/wp\/v2\/tags?post=82755"}],"curies":[{"name":"wp","href":"https:\/\/api.w.org\/{rel}","templated":true}]}}