{"id":82762,"date":"2024-08-27T20:18:25","date_gmt":"2024-08-27T23:18:25","guid":{"rendered":"https:\/\/www.todoeldia.com\/?p=82762"},"modified":"2024-08-27T20:18:26","modified_gmt":"2024-08-27T23:18:26","slug":"condenan-a-boliviana-a-4-anos-de-prision-por-transporte-de-cocaina-y-negaron-su-expulsion","status":"publish","type":"post","link":"https:\/\/www.todoeldia.com\/index.php\/2024\/08\/27\/condenan-a-boliviana-a-4-anos-de-prision-por-transporte-de-cocaina-y-negaron-su-expulsion\/","title":{"rendered":"Condenan a boliviana a 4 a\u00f1os de prisi\u00f3n por transporte de coca\u00edna y negaron su expulsi\u00f3n"},"content":{"rendered":"\n<p>La mujer fue descubierta en abril pasado en un colectivo con casi dos kilos de coca\u00edna en su cartera y adosada a su cuerpo. La condenada reconoci\u00f3 su culpa, pero al debatir la pena, su defensa aleg\u00f3 la precaria situaci\u00f3n de tres hijos y pidi\u00f3 su deportaci\u00f3n anticipada. El tribunal rechaz\u00f3 el argumento y ponder\u00f3 otros, como la alta pureza de la droga que transportaba.<\/p>\n\n\n\n<p>El Tribunal Oral Federal N\u00b01 de Salta conden\u00f3 a cuatro a\u00f1os de prisi\u00f3n efectiva a una mujer de nacionalidad boliviana que en abril pasado hab\u00eda sido detenida con casi dos kilos de coca\u00edna cuando viajaba en un micro desde la ciudad salte\u00f1a de Or\u00e1n hacia Tucum\u00e1n.<\/p>\n\n\n\n<p>Bajo la modalidad unipersonal, el juez Marcelo Ju\u00e1rez Almaraz, consider\u00f3 a Yaquel\u00edn Padilla Barrientos autora del delito de transporte de estupefacientes.<\/p>\n\n\n\n<p>En el mismo fallo -dado a conocer el pasado 19 de agosto- y en l\u00ednea con lo planteado la fiscal subrogante, Paula Gallo, en representaci\u00f3n del \u00c1rea de Atenci\u00f3n Inicial de la Unidad Fiscal Salta, el magistrado tambi\u00e9n rechaz\u00f3 un pedido de la defensa para que la ahora condenada acceda a la expulsi\u00f3n anticipada del pa\u00eds.<\/p>\n\n\n\n<p>El caso<\/p>\n\n\n\n<p>La detenci\u00f3n de Padilla Barrientos ocurri\u00f3 el 4 de abril \u00faltimo, cuando viajaba como pasajera de un colectivo de larga distancia que hab\u00eda salido de la ciudad de Or\u00e1n y se dirig\u00eda a Tucum\u00e1n. La mujer, oriunda de la ciudad boliviana de Yacuiba, llevaba dos paquetes de droga, uno en su cartera y otro adosado al cuerpo.<\/p>\n\n\n\n<p>El transporte ilegal de la sustancia se descubri\u00f3 en un control de prevenci\u00f3n de Gendarmer\u00eda Nacional instalado en la ruta provincial N\u00b030, en la localidad de Joaqu\u00edn V. Gonz\u00e1lez, en el sur de la provincia. Detectada la droga, se procedi\u00f3 a la detenci\u00f3n de la pasajera, contra quien se formaliz\u00f3 la investigaci\u00f3n penal correspondiente.<\/p>\n\n\n\n<p>La acusada ya hab\u00eda realizado otros dos viajes previos desde Or\u00e1n a Tucum\u00e1n, por lo que se\u00f1al\u00f3 la frecuencia delictiva que llevaba.<\/p>\n\n\n\n<p>Por otra parte, y en respuesta al pedido de expulsi\u00f3n anticipada de la acusada, adelantado por la defensa y la Asesora de Menores e Incapaces, la fiscal se\u00f1al\u00f3 que esa v\u00eda ser\u00eda imposible de aplicar, pues no se cumplen los requisitos establecidos en la Ley N\u00b025871 de Migraciones, para acceder a tal beneficio.<\/p>\n\n\n\n<p>Explic\u00f3 que, a\u00fan si la acusada fuera ciudadana argentina, tampoco le cabr\u00eda la pena bajo la modalidad de prisi\u00f3n domiciliaria, por cuanto no se dan los supuestos previstos por la ley, como as\u00ed tampoco una situaci\u00f3n de vulnerabilidad que justifique apartarse de la norma.<\/p>\n\n\n\n<p>Finalmente, Gallo remarc\u00f3 que \u201cen el lapso de un mes, Padilla Barrientos realiz\u00f3 tres viajes ingresando al pa\u00eds por pasos no habilitados, siendo en el \u00faltimo viaje que Gendarmer\u00eda Nacional encontr\u00f3 el estupefaciente entre sus pertenencias, por lo que justamente el fin resocializador de la pena no se lograr\u00eda si ella regresa a su pa\u00eds en libertad\u201d.<\/p>\n","protected":false},"excerpt":{"rendered":"<p>La mujer fue descubierta en abril pasado en un colectivo con casi dos kilos de coca\u00edna en su cartera y adosada a su cuerpo. La condenada reconoci\u00f3 su culpa, pero al debatir la pena, su defensa aleg\u00f3 la precaria situaci\u00f3n de tres hijos y pidi\u00f3 su deportaci\u00f3n anticipada. El tribunal rechaz\u00f3 el argumento y ponder\u00f3 [&hellip;]<\/p>\n","protected":false},"author":2,"featured_media":76935,"comment_status":"open","ping_status":"open","sticky":false,"template":"","format":"standard","meta":{"tdm_status":"","tdm_grid_status":"","_joinchat":[],"footnotes":""},"categories":[63],"tags":[],"class_list":{"0":"post-82762","1":"post","2":"type-post","3":"status-publish","4":"format-standard","5":"has-post-thumbnail","7":"category-policiales"},"amp_enabled":true,"_links":{"self":[{"href":"https:\/\/www.todoeldia.com\/index.php\/wp-json\/wp\/v2\/posts\/82762","targetHints":{"allow":["GET"]}}],"collection":[{"href":"https:\/\/www.todoeldia.com\/index.php\/wp-json\/wp\/v2\/posts"}],"about":[{"href":"https:\/\/www.todoeldia.com\/index.php\/wp-json\/wp\/v2\/types\/post"}],"author":[{"embeddable":true,"href":"https:\/\/www.todoeldia.com\/index.php\/wp-json\/wp\/v2\/users\/2"}],"replies":[{"embeddable":true,"href":"https:\/\/www.todoeldia.com\/index.php\/wp-json\/wp\/v2\/comments?post=82762"}],"version-history":[{"count":1,"href":"https:\/\/www.todoeldia.com\/index.php\/wp-json\/wp\/v2\/posts\/82762\/revisions"}],"predecessor-version":[{"id":82763,"href":"https:\/\/www.todoeldia.com\/index.php\/wp-json\/wp\/v2\/posts\/82762\/revisions\/82763"}],"wp:featuredmedia":[{"embeddable":true,"href":"https:\/\/www.todoeldia.com\/index.php\/wp-json\/wp\/v2\/media\/76935"}],"wp:attachment":[{"href":"https:\/\/www.todoeldia.com\/index.php\/wp-json\/wp\/v2\/media?parent=82762"}],"wp:term":[{"taxonomy":"category","embeddable":true,"href":"https:\/\/www.todoeldia.com\/index.php\/wp-json\/wp\/v2\/categories?post=82762"},{"taxonomy":"post_tag","embeddable":true,"href":"https:\/\/www.todoeldia.com\/index.php\/wp-json\/wp\/v2\/tags?post=82762"}],"curies":[{"name":"wp","href":"https:\/\/api.w.org\/{rel}","templated":true}]}}