{"id":82853,"date":"2024-08-29T12:55:20","date_gmt":"2024-08-29T15:55:20","guid":{"rendered":"https:\/\/www.todoeldia.com\/?p=82853"},"modified":"2024-08-29T12:55:21","modified_gmt":"2024-08-29T15:55:21","slug":"4-motos-secuestradas-por-robo-y-4-conductores-detenidos-en-oran","status":"publish","type":"post","link":"https:\/\/www.todoeldia.com\/index.php\/2024\/08\/29\/4-motos-secuestradas-por-robo-y-4-conductores-detenidos-en-oran\/","title":{"rendered":"4 motos secuestradas por robo y 4 conductores detenidos en Or\u00e1n"},"content":{"rendered":"\n<p>Mientras Policias patrullaban por Pueyrred\u00f3n y Laprida en Or\u00e1n, al realizar la verificaci\u00f3n de una moto que se encontraba estacionada en la v\u00eda p\u00fablica, detectaron que presentaba pedido de secuestro vigente desde el a\u00f1o 2023. Al hacerse presente el supuesto propietario quedo detenido.<\/p>\n\n\n\n<p>En tanto, horas m\u00e1s tardes, en Belgrano entre Esqui\u00fa y Rivadavia, observaron que el conductor de una moto se desplazaba sin los elementos de protecci\u00f3n, tras identificarlo y fiscalizar el rodado, se obtuvo que registraba pedido de secuestro. El conductor de 37 a\u00f1os fue aprehendido y la motocicleta secuestrada.<\/p>\n\n\n\n<p>Otros procedimientos con las mismas caracter\u00edsticas se llevaron a cabo en inmediaciones de calles Mendoza y Paraguay, donde secuestraron una moto denunciada como sustra\u00edda, procediendo a la demora de un hombre de 26 a\u00f1os.&nbsp; Mientras que, horas despu\u00e9s, en calle Bicharas y San Luis, demoraron al conductor de una moto que tambi\u00e9n era requerida por la Justicia.<\/p>\n\n\n\n<p>Finalmente, las 4 motos y los hombres de 24, 26, 34 y 37 a\u00f1os quedaron a disposici\u00f3n de la Fiscal\u00eda Penal de la zona.<\/p>\n","protected":false},"excerpt":{"rendered":"<p>Mientras Policias patrullaban por Pueyrred\u00f3n y Laprida en Or\u00e1n, al realizar la verificaci\u00f3n de una moto que se encontraba estacionada en la v\u00eda p\u00fablica, detectaron que presentaba pedido de secuestro vigente desde el a\u00f1o 2023. Al hacerse presente el supuesto propietario quedo detenido. En tanto, horas m\u00e1s tardes, en Belgrano entre Esqui\u00fa y Rivadavia, observaron [&hellip;]<\/p>\n","protected":false},"author":2,"featured_media":82854,"comment_status":"open","ping_status":"open","sticky":false,"template":"","format":"standard","meta":{"tdm_status":"","tdm_grid_status":"","_joinchat":[],"footnotes":""},"categories":[63],"tags":[],"class_list":{"0":"post-82853","1":"post","2":"type-post","3":"status-publish","4":"format-standard","5":"has-post-thumbnail","7":"category-policiales"},"amp_enabled":true,"_links":{"self":[{"href":"https:\/\/www.todoeldia.com\/index.php\/wp-json\/wp\/v2\/posts\/82853","targetHints":{"allow":["GET"]}}],"collection":[{"href":"https:\/\/www.todoeldia.com\/index.php\/wp-json\/wp\/v2\/posts"}],"about":[{"href":"https:\/\/www.todoeldia.com\/index.php\/wp-json\/wp\/v2\/types\/post"}],"author":[{"embeddable":true,"href":"https:\/\/www.todoeldia.com\/index.php\/wp-json\/wp\/v2\/users\/2"}],"replies":[{"embeddable":true,"href":"https:\/\/www.todoeldia.com\/index.php\/wp-json\/wp\/v2\/comments?post=82853"}],"version-history":[{"count":1,"href":"https:\/\/www.todoeldia.com\/index.php\/wp-json\/wp\/v2\/posts\/82853\/revisions"}],"predecessor-version":[{"id":82855,"href":"https:\/\/www.todoeldia.com\/index.php\/wp-json\/wp\/v2\/posts\/82853\/revisions\/82855"}],"wp:featuredmedia":[{"embeddable":true,"href":"https:\/\/www.todoeldia.com\/index.php\/wp-json\/wp\/v2\/media\/82854"}],"wp:attachment":[{"href":"https:\/\/www.todoeldia.com\/index.php\/wp-json\/wp\/v2\/media?parent=82853"}],"wp:term":[{"taxonomy":"category","embeddable":true,"href":"https:\/\/www.todoeldia.com\/index.php\/wp-json\/wp\/v2\/categories?post=82853"},{"taxonomy":"post_tag","embeddable":true,"href":"https:\/\/www.todoeldia.com\/index.php\/wp-json\/wp\/v2\/tags?post=82853"}],"curies":[{"name":"wp","href":"https:\/\/api.w.org\/{rel}","templated":true}]}}