{"id":82858,"date":"2024-08-29T13:47:15","date_gmt":"2024-08-29T16:47:15","guid":{"rendered":"https:\/\/www.todoeldia.com\/?p=82858"},"modified":"2024-08-29T13:47:16","modified_gmt":"2024-08-29T16:47:16","slug":"la-sacaron-barata-condenaron-a-los-2-delincuentes-que-asesinaron-al-productor-de-pichanal","status":"publish","type":"post","link":"https:\/\/www.todoeldia.com\/index.php\/2024\/08\/29\/la-sacaron-barata-condenaron-a-los-2-delincuentes-que-asesinaron-al-productor-de-pichanal\/","title":{"rendered":"\u00a1La sacaron barata! Condenaron a los 2 delincuentes que asesinaron al productor de Pichanal"},"content":{"rendered":"\n<p>Tras la jornada de alegatos, los primos acusados del homicidio ocurrido en julio de 2023 fueron condenados a cumplir penas efectivas. En el caso de Molina ser\u00e1n 10 a\u00f1os y 8 meses y 12 a\u00f1os para Romero. Ser\u00e1n registrados en el Banco de Datos Gen\u00e9ticos.<\/p>\n\n\n\n<p>La fiscal penal de la Unidad de Graves Atentados contra las Personas de Or\u00e1n, Mar\u00eda Soledad Filtr\u00edn Cuezzo, represent\u00f3 al Ministerio P\u00fablico Fiscal ante la Sala I del Tribunal de Juicio de ese distrito, en la audiencia de debate contra Fernando David Romero y C\u00e9sar Antonio Molina como coautores del delito de homicidio agravado por el uso de arma de fuego en perjuicio de Carlos Alejandro Starykiewicz de 71 a\u00f1os.<\/p>\n\n\n\n<p>Este jueves, al reanudarse la audiencia, se desarrollaron los alegatos de las partes, donde la fiscal Filtrin solicit\u00f3 la pena de 12 a\u00f1os de prisi\u00f3n para los acusados y la querella pidi\u00f3 la pena de 20 a\u00f1os de prisi\u00f3n para ambos.<\/p>\n\n\n\n<p>Tras deliberar, el juez Mario Maldonado dio a conocer el veredicto, condenando a Molina a la pena de 10 a\u00f1os y 8 meses de prisi\u00f3n efectiva para Molina y 12 a\u00f1os para Romero por el delito de homicidio simple agravado por el uso de arma.<\/p>\n","protected":false},"excerpt":{"rendered":"<p>Tras la jornada de alegatos, los primos acusados del homicidio ocurrido en julio de 2023 fueron condenados a cumplir penas efectivas. En el caso de Molina ser\u00e1n 10 a\u00f1os y 8 meses y 12 a\u00f1os para Romero. Ser\u00e1n registrados en el Banco de Datos Gen\u00e9ticos. La fiscal penal de la Unidad de Graves Atentados contra [&hellip;]<\/p>\n","protected":false},"author":2,"featured_media":46415,"comment_status":"open","ping_status":"open","sticky":false,"template":"","format":"standard","meta":{"tdm_status":"","tdm_grid_status":"","_joinchat":[],"footnotes":""},"categories":[63],"tags":[],"class_list":{"0":"post-82858","1":"post","2":"type-post","3":"status-publish","4":"format-standard","5":"has-post-thumbnail","7":"category-policiales"},"amp_enabled":true,"_links":{"self":[{"href":"https:\/\/www.todoeldia.com\/index.php\/wp-json\/wp\/v2\/posts\/82858","targetHints":{"allow":["GET"]}}],"collection":[{"href":"https:\/\/www.todoeldia.com\/index.php\/wp-json\/wp\/v2\/posts"}],"about":[{"href":"https:\/\/www.todoeldia.com\/index.php\/wp-json\/wp\/v2\/types\/post"}],"author":[{"embeddable":true,"href":"https:\/\/www.todoeldia.com\/index.php\/wp-json\/wp\/v2\/users\/2"}],"replies":[{"embeddable":true,"href":"https:\/\/www.todoeldia.com\/index.php\/wp-json\/wp\/v2\/comments?post=82858"}],"version-history":[{"count":1,"href":"https:\/\/www.todoeldia.com\/index.php\/wp-json\/wp\/v2\/posts\/82858\/revisions"}],"predecessor-version":[{"id":82859,"href":"https:\/\/www.todoeldia.com\/index.php\/wp-json\/wp\/v2\/posts\/82858\/revisions\/82859"}],"wp:featuredmedia":[{"embeddable":true,"href":"https:\/\/www.todoeldia.com\/index.php\/wp-json\/wp\/v2\/media\/46415"}],"wp:attachment":[{"href":"https:\/\/www.todoeldia.com\/index.php\/wp-json\/wp\/v2\/media?parent=82858"}],"wp:term":[{"taxonomy":"category","embeddable":true,"href":"https:\/\/www.todoeldia.com\/index.php\/wp-json\/wp\/v2\/categories?post=82858"},{"taxonomy":"post_tag","embeddable":true,"href":"https:\/\/www.todoeldia.com\/index.php\/wp-json\/wp\/v2\/tags?post=82858"}],"curies":[{"name":"wp","href":"https:\/\/api.w.org\/{rel}","templated":true}]}}