{"id":8288,"date":"2020-10-12T10:30:23","date_gmt":"2020-10-12T13:30:23","guid":{"rendered":"https:\/\/www.todoeldia.com\/?p=8288"},"modified":"2020-10-12T10:30:24","modified_gmt":"2020-10-12T13:30:24","slug":"elisa-lilita-carrio-con-lanata-cristina-no-fue-presa-porque-cambiemos-no-queria-que-se-haga-justicia","status":"publish","type":"post","link":"https:\/\/www.todoeldia.com\/index.php\/2020\/10\/12\/elisa-lilita-carrio-con-lanata-cristina-no-fue-presa-porque-cambiemos-no-queria-que-se-haga-justicia\/","title":{"rendered":"Elisa \u201cLilita\u201d Carri\u00f3 con Lanata: \u201cCristina no fue presa porque Cambiemos no quer\u00eda que se haga justicia&#8221;"},"content":{"rendered":"\n<p>La l\u00edder de la Coalici\u00f3n C\u00edvica critic\u00f3 la estrategia utilizada para mantener a la vicepresidenta en la contienda electoral. Adem\u00e1s, se mostr\u00f3 en contra de la radicalizaci\u00f3n y se despeg\u00f3 del banderazo #12O.&nbsp;<\/p>\n\n\n\n<p>Lejos del perfil combativo,&nbsp;Elisa Lilita Carri\u00f3&nbsp;se despeg\u00f3 de la marcha convocada por la oposici\u00f3n para este lunes 12 de octubre, en contra del Gobierno,&nbsp;e inst\u00f3 a la sociedad a \u201cempezar de nuevo, sin rencores ni pasiones\u201d. \u201cNo convoco a la marcha&#8221;, asegur\u00f3 la exdiputada y advirti\u00f3 que &#8220;el que se radicalice est\u00e1 jugando en contra de la Argentina, ya sea por izquierda o por derecha\u201d.&nbsp;<\/p>\n\n\n\n<p>En una entrevista con&nbsp;<a href=\"https:\/\/www.eltrecetv.com.ar\/perfil\/jorge-lanata_000142\">Jorge Lanata<\/a>&nbsp;en PPT Box, Lilita Carri\u00f3&nbsp;confirm\u00f3 adem\u00e1s que est\u00e1 \u201cseparada de la pol\u00edtica partidaria\u201d, porque no quiere \u201cformar parte de los extremos de Juntos por el Cambio, ni tampoco de los extremos radicalizados del kircherismo\u201d.<\/p>\n\n\n\n<p>En otra parte de la charla afirm\u00f3 que \u201cel albertismo no existe, es una ficci\u00f3n\u201d, por la p\u00e9rdida de \u201clegitimidad\u201d ante la vicepresidenta&nbsp;Cristina Kirchner, a la que consider\u00f3 \u201cuna contingencia dolorosa en el medio de una historia\u201d de la Argentina.<\/p>\n\n\n\n<p>En cuanto a los motivos por los que la vicepresidenta no fue presa cuando&nbsp;Mauricio Macri estuvo&nbsp;al frente del Ejecutivo, Carri\u00f3 afirm\u00f3 que fue \u201cporque el Gobierno de Cambiemos no quer\u00eda que se haga justicia&#8221; y r\u00e1pidamente aclar\u00f3 que ella no estaba incluida entre los que pensaban as\u00ed.<\/p>\n\n\n\n<p>\u201cLa construcci\u00f3n oportunista del amigo-enemigo estaba asesorada por Dur\u00e1n Barba y yo nunca cre\u00ed en eso\u201d, indic\u00f3 la l\u00edder de la Coalici\u00f3n C\u00edvica y respecto de si hab\u00eda hablado sobre el tema con Macri dijo que \u201chay cosas que dependen de la conciencia de los l\u00edderes\u201d.<\/p>\n","protected":false},"excerpt":{"rendered":"<p>La l\u00edder de la Coalici\u00f3n C\u00edvica critic\u00f3 la estrategia utilizada para mantener a la vicepresidenta en la contienda electoral. Adem\u00e1s, se mostr\u00f3 en contra de la radicalizaci\u00f3n y se despeg\u00f3 del banderazo #12O.&nbsp; Lejos del perfil combativo,&nbsp;Elisa Lilita Carri\u00f3&nbsp;se despeg\u00f3 de la marcha convocada por la oposici\u00f3n para este lunes 12 de octubre, en contra [&hellip;]<\/p>\n","protected":false},"author":2,"featured_media":8289,"comment_status":"open","ping_status":"open","sticky":false,"template":"","format":"standard","meta":{"tdm_status":"","tdm_grid_status":"","_joinchat":[],"footnotes":""},"categories":[59],"tags":[],"class_list":{"0":"post-8288","1":"post","2":"type-post","3":"status-publish","4":"format-standard","5":"has-post-thumbnail","7":"category-politica"},"amp_enabled":true,"_links":{"self":[{"href":"https:\/\/www.todoeldia.com\/index.php\/wp-json\/wp\/v2\/posts\/8288","targetHints":{"allow":["GET"]}}],"collection":[{"href":"https:\/\/www.todoeldia.com\/index.php\/wp-json\/wp\/v2\/posts"}],"about":[{"href":"https:\/\/www.todoeldia.com\/index.php\/wp-json\/wp\/v2\/types\/post"}],"author":[{"embeddable":true,"href":"https:\/\/www.todoeldia.com\/index.php\/wp-json\/wp\/v2\/users\/2"}],"replies":[{"embeddable":true,"href":"https:\/\/www.todoeldia.com\/index.php\/wp-json\/wp\/v2\/comments?post=8288"}],"version-history":[{"count":1,"href":"https:\/\/www.todoeldia.com\/index.php\/wp-json\/wp\/v2\/posts\/8288\/revisions"}],"predecessor-version":[{"id":8290,"href":"https:\/\/www.todoeldia.com\/index.php\/wp-json\/wp\/v2\/posts\/8288\/revisions\/8290"}],"wp:featuredmedia":[{"embeddable":true,"href":"https:\/\/www.todoeldia.com\/index.php\/wp-json\/wp\/v2\/media\/8289"}],"wp:attachment":[{"href":"https:\/\/www.todoeldia.com\/index.php\/wp-json\/wp\/v2\/media?parent=8288"}],"wp:term":[{"taxonomy":"category","embeddable":true,"href":"https:\/\/www.todoeldia.com\/index.php\/wp-json\/wp\/v2\/categories?post=8288"},{"taxonomy":"post_tag","embeddable":true,"href":"https:\/\/www.todoeldia.com\/index.php\/wp-json\/wp\/v2\/tags?post=8288"}],"curies":[{"name":"wp","href":"https:\/\/api.w.org\/{rel}","templated":true}]}}