{"id":82932,"date":"2024-08-30T20:47:31","date_gmt":"2024-08-30T23:47:31","guid":{"rendered":"https:\/\/www.todoeldia.com\/?p=82932"},"modified":"2024-08-30T20:47:32","modified_gmt":"2024-08-30T23:47:32","slug":"el-carnicero-de-giles-el-asesino-serial-tenia-perpetua-y-se-fugo-en-una-salida-transitoria-para-ir-a-la-universidad","status":"publish","type":"post","link":"https:\/\/www.todoeldia.com\/index.php\/2024\/08\/30\/el-carnicero-de-giles-el-asesino-serial-tenia-perpetua-y-se-fugo-en-una-salida-transitoria-para-ir-a-la-universidad\/","title":{"rendered":"El \u201ccarnicero de Giles\u201d el asesino serial tenia perpetua y se fug\u00f3 en una salida transitoria para ir a la Universidad"},"content":{"rendered":"\n<p>La Justicia orden\u00f3 que la familia del m\u00faltiple asesino Luis Fernando Irribarren, conocido popularmente como &#8220;el carnicero de San Andr\u00e9s de Giles&#8221; y que se encuentra pr\u00f3fugo, tenga custodia permanente.<\/p>\n\n\n\n<p>El asesino serial, actualmente de 66 a\u00f1os y que es intensamente buscado por las autoridades, estaba preso desde 1995 y aprovech\u00f3 una salida provisoria para estudiar derecho en la Universidad de La Plata y huy\u00f3 este mi\u00e9rcoles por la tarde de la Unidad Penal de Olmos.<\/p>\n\n\n\n<p>Dada esta situaci\u00f3n, un tribunal pidi\u00f3 que su ex mujer y sus hijos tengan guardia las 24 horas del d\u00eda.<\/p>\n\n\n\n<p>El hombre, oriundo de la ciudad bonaerense de San Andr\u00e9s de Giles, mat\u00f3 a su t\u00eda -enferma de c\u00e1ncer- en 1995, y tras haber confesado ese crimen dio detalles de otras atrocidades.<\/p>\n\n\n\n<p>En ese contexto, confi\u00f3 que nueve a\u00f1os antes de ese episodio, en 1986, hab\u00eda asesinado a toda su familia: su padre, Luis Iribarren (49 a\u00f1os); su madre, Marta Langgebein (42), y sus hermanos, Marcelo (15) y Mar\u00eda Cecilia (9).<\/p>\n\n\n\n<p>Iribarren esparci\u00f3 los restos en un campo que ten\u00eda la familia en la localidad de Tuyut\u00ed, en las inmediaciones de San Andr\u00e9s de Giles.<\/p>\n\n\n\n<p>El 21 de agosto de 2002, la Sala III de la C\u00e1mara de Mercedes lo conden\u00f3 a reclusi\u00f3n perpetua por los cinco asesinatos.<\/p>\n","protected":false},"excerpt":{"rendered":"<p>La Justicia orden\u00f3 que la familia del m\u00faltiple asesino Luis Fernando Irribarren, conocido popularmente como &#8220;el carnicero de San Andr\u00e9s de Giles&#8221; y que se encuentra pr\u00f3fugo, tenga custodia permanente. El asesino serial, actualmente de 66 a\u00f1os y que es intensamente buscado por las autoridades, estaba preso desde 1995 y aprovech\u00f3 una salida provisoria para [&hellip;]<\/p>\n","protected":false},"author":2,"featured_media":82933,"comment_status":"open","ping_status":"open","sticky":false,"template":"","format":"standard","meta":{"tdm_status":"","tdm_grid_status":"","_joinchat":[],"footnotes":""},"categories":[63],"tags":[],"class_list":{"0":"post-82932","1":"post","2":"type-post","3":"status-publish","4":"format-standard","5":"has-post-thumbnail","7":"category-policiales"},"amp_enabled":true,"_links":{"self":[{"href":"https:\/\/www.todoeldia.com\/index.php\/wp-json\/wp\/v2\/posts\/82932","targetHints":{"allow":["GET"]}}],"collection":[{"href":"https:\/\/www.todoeldia.com\/index.php\/wp-json\/wp\/v2\/posts"}],"about":[{"href":"https:\/\/www.todoeldia.com\/index.php\/wp-json\/wp\/v2\/types\/post"}],"author":[{"embeddable":true,"href":"https:\/\/www.todoeldia.com\/index.php\/wp-json\/wp\/v2\/users\/2"}],"replies":[{"embeddable":true,"href":"https:\/\/www.todoeldia.com\/index.php\/wp-json\/wp\/v2\/comments?post=82932"}],"version-history":[{"count":1,"href":"https:\/\/www.todoeldia.com\/index.php\/wp-json\/wp\/v2\/posts\/82932\/revisions"}],"predecessor-version":[{"id":82934,"href":"https:\/\/www.todoeldia.com\/index.php\/wp-json\/wp\/v2\/posts\/82932\/revisions\/82934"}],"wp:featuredmedia":[{"embeddable":true,"href":"https:\/\/www.todoeldia.com\/index.php\/wp-json\/wp\/v2\/media\/82933"}],"wp:attachment":[{"href":"https:\/\/www.todoeldia.com\/index.php\/wp-json\/wp\/v2\/media?parent=82932"}],"wp:term":[{"taxonomy":"category","embeddable":true,"href":"https:\/\/www.todoeldia.com\/index.php\/wp-json\/wp\/v2\/categories?post=82932"},{"taxonomy":"post_tag","embeddable":true,"href":"https:\/\/www.todoeldia.com\/index.php\/wp-json\/wp\/v2\/tags?post=82932"}],"curies":[{"name":"wp","href":"https:\/\/api.w.org\/{rel}","templated":true}]}}